{"id":81416,"date":"2025-06-16T10:01:03","date_gmt":"2025-06-16T16:01:03","guid":{"rendered":"https:\/\/zonaroja.com.mx\/?p=81416"},"modified":"2025-06-16T10:01:07","modified_gmt":"2025-06-16T16:01:07","slug":"opinion-el-rector-priista-cristian-carreno-cavo-su-tumba-politica","status":"publish","type":"post","link":"https:\/\/zonaroja.com.mx\/?p=81416","title":{"rendered":"Opini\u00f3n. El rector priista Cristian Carre\u00f1o cav\u00f3 su tumba pol\u00edtica"},"content":{"rendered":"\n<p>Ismael Garc\u00eda M.\/Zona Roja.<\/p>\n\n\n\n<p>Oaxaca, Oax., a 16 de junio de 2025.- De la noche a la ma\u00f1ana, el velo morenista que se puso en el actual sexenio de la 4T cay\u00f3 del rostro de Cristian \u00c9der Carre\u00f1o L\u00f3pez y lo revel\u00f3 como el aut\u00e9ntico priista que es.<\/p>\n\n\n\n<p>Las causas: su indiferencia ante el c\u00famulo de hechos violentos e inconformidades surgidas en las \u00faltimas semanas en varias facultades de la Universidad Aut\u00f3noma \u201cBenito Ju\u00e1rez\u201d de Oaxaca.<\/p>\n\n\n\n<p>Tambi\u00e9n su ambici\u00f3n por perpetuarse en la rector\u00eda, pues su cargo vence en mayo del pr\u00f3ximo a\u00f1o, pero quiere repetir, o en su caso imponer sucesor.<\/p>\n\n\n\n<p>Aunado a su alianza con el cacique universitario Abraham Mart\u00ednez Alav\u00e9s, a quien no le importa traicionar, as\u00ed sea a su familia, para satisfacer sus caprichos universitarios y pol\u00edticos.<\/p>\n\n\n\n<p>Las inconformidades crecen sin freno en las facultades de Derecho y Ciencias Sociales \u2014donde un conflicto supera el mes-, de Medicina y Cirug\u00eda, de Idiomas, de Cultura F\u00edsica y Deportes, de Econom\u00eda.<\/p>\n\n\n\n<p>Pero el rector impuesto por Alejandro Murat-Jos\u00e9 Manuel Vera Salinas se aferra al cargo y pretende perpetuarse, en medio de la opacidad presupuestal y el manejo discrecional del recurso p\u00fablico.<\/p>\n\n\n\n<p>LAS FALLAS<\/p>\n\n\n\n<p>Hace unos dos meses hubo elecci\u00f3n de consejeros t\u00e9cnicos en la Facultad de Derecho y Ciencias Sociales, que dirige Roc\u00edo Mart\u00ednez Helmes \u2014hija de Abraham Mart\u00ednez Alav\u00e9s\u2014 y el rector perdi\u00f3 la primera batalla.<\/p>\n\n\n\n<p>Hubo elecci\u00f3n en Medicina y Cristian \u00c9der Carre\u00f1o apenas salv\u00f3 el proceso a su favor, pero con m\u00faltiples irregularidades e inconformidades.<\/p>\n\n\n\n<p>Viene la elecci\u00f3n de director o directora de Derecho, pero desde hace m\u00e1s de un mes mand\u00f3 a sus porros a apoderarse de la sede ubicada en Ciudad Universitaria, para derrocar a Roc\u00edo Mart\u00ednez, habida cuenta que es una elecci\u00f3n perdida para \u00e9l, porque quiere generar caos y retomar el control.<\/p>\n\n\n\n<p>Pero el problema se ha salido de cauce y paulatinamente se han sumado otras instituciones a favor de Roc\u00edo Mart\u00ednez Helmes, como la Facultad de Cultura F\u00edsica y Deportes, a la que de nuevo envi\u00f3 \u201cporros\u201d para generar confrontaci\u00f3n.<\/p>\n\n\n\n<p>Y en lugar de aplacar, ahora se sum\u00f3 la Facultad de Idiomas, que record\u00f3 tambi\u00e9n que los \u201cporros\u201d y el propio rector se inmiscuyeron en su elecci\u00f3n pasada para intentar tener el control.<\/p>\n\n\n\n<p>Luego, utiliz\u00f3 hasta un grupo de trabajadores sindicalizados \u2014no a la dirigencia ni a todo el STEUABJO\u2014para revictimizarse pero tambi\u00e9n para arremeter contra directivos de la Facultad de Cultura F\u00edsica y Deportes; el resultado fue contraproducente por que deriv\u00f3 en casi una semana de \u201ctoma\u201d de Ciudad Universitaria. Y m\u00e1s caos y m\u00e1s inconformidades.<\/p>\n\n\n\n<p>Si bien el s\u00e1bado se pudo destrabar el tema de Ciudad Universitaria, esta semana contin\u00faan las inconformidades en varias unidades acad\u00e9micas universitarias, pero eso al rector le tiene sin cuidado, con tal de satisfacer sus prop\u00f3sitos personales.<\/p>\n\n\n\n<p>FACTOR ALAV\u00c9S<\/p>\n\n\n\n<p>Y en medio de esa crisis est\u00e1 el ex rector Abraham Mart\u00ednez Alav\u00e9s, que pretende seguir controlando buena parte de la pol\u00edtica universitaria, y por supuesto los cargos administrativos y el presupuesto.<\/p>\n\n\n\n<p>Temporalmente est\u00e1 del lado de Cristian \u00c9der Carre\u00f1o e incluso lo ayuda a crear desestabilizaci\u00f3n. Pero tambi\u00e9n el rector ha cre\u00eddo que tiene todo el apoyo, incluso para derrocar a la directora de la Facultad de Derecho.<\/p>\n\n\n\n<p>Lo que no sabe es que el cacique universitario tiene otros planes y busca pactar con quien sea el apoyo externo gubernamental para seguir con el control. As\u00ed lo ha hecho con perredistas, priistas, morenistas\u2026<\/p>\n\n\n\n<p>Y no le importa pasar por encima de algunos de sus hijos, con tal de seguir teniendo bajo control a la UABJO.<\/p>\n\n\n\n<p>As\u00ed ocurri\u00f3 en enero de 2022 con Eduardo Mart\u00ednez Helmes, a quien procur\u00f3 para que fuera encarcelado, acusado de presuntos malos manejos administrativos, a fin de que entregara el control y para permitir la sucesi\u00f3n rectoral de Eduardo Bautista Mart\u00ednez. Fue liberado una vez que el patriarca recuper\u00f3 la rector\u00eda.<\/p>\n\n\n\n<p>En ese rejuego de apoyar a Cristian \u00c9der Carre\u00f1o, pact\u00f3 que su otro hijo, Abraham Mart\u00ednez Helmes, fuera el secretario General de la Universidad, con la mira de prepararlo para ser pr\u00f3ximo rector.<\/p>\n\n\n\n<p>Pero Mart\u00ednez Alav\u00e9s detect\u00f3 que ahora Carre\u00f1o L\u00f3pez quiere imponer a su propio candidato, lo cual generar\u00e1 a\u00fan m\u00e1s conflictos en fechas pr\u00f3ximas.<\/p>\n\n\n\n<p>Mientras tanto, Abraham Mart\u00ednez ahora azuza el conflicto en la Facultad de Derecho, como lo ha revelado su propia hija Roc\u00edo Mart\u00ednez Helmes.&nbsp;<\/p>\n\n\n\n<p>La intenci\u00f3n es recuperar para s\u00ed, no para los fines del a\u00fan rector, el control en dicha instituci\u00f3n, la m\u00e1s politizada y con el mayor n\u00famero de votos cautivos.<\/p>\n\n\n\n<p>Pero su otro plan es tambi\u00e9n desactivar a Carlos Perezcampos Mayoral, ahora subsecretario del gobierno de Oaxaca, pero virtual candidato a rector, impulsado desde la Secretar\u00eda de Gobierno.<\/p>\n\n\n\n<p>ADI\u00d3S CRISTIAN<\/p>\n\n\n\n<p>En su ambici\u00f3n, Cristian \u00c9der Carre\u00f1o a\u00fan no ha querido aceptar que est\u00e1 fuera ya de los \u00e1nimos de Morena y de las decisiones gubernamentales.<\/p>\n\n\n\n<p>La semana pasada, le llamaron la atenci\u00f3n para pusiera orden en la convulsionada Universidad, y lo interpret\u00f3 como un gui\u00f1o para continuar su lucha sucesoria.<\/p>\n\n\n\n<p>Pero ley\u00f3 mal, como lo ha hecho durante sus tres a\u00f1os, pese a supuestos avezados asesores, como Enrique Mart\u00ednez y Mart\u00ednez, y sus err\u00f3neas decisiones han llevado al traste a la UABJO.<\/p>\n\n\n\n<p>Este lunes retorn\u00f3 una calma aparente en las instalaciones universitarias, pero no se habla que la Facultad de Derecho y la Facultad de Cultura F\u00edsica y Deportes contin\u00faan bajo asedio.<\/p>\n\n\n\n<p>Desde la Secretar\u00eda de Gobierno se monitora el comportamiento err\u00e1tico de Cristian \u00c9der Carre\u00f1o pero desde hace meses ya no es un operador pol\u00edtico confiable en la Universidad.<\/p>\n\n\n\n<p>Muchos de los hilos est\u00e1n en otras manos y el a\u00fan rector quiere recuperar la confianza gubernamental. Pero ya no podr\u00e1.<\/p>\n\n\n\n<p>Y en esa disputa por el control de la m\u00e1xima casa de estudios, lamentablemente puede haber m\u00e1s hechos de violencia, sin importar la educaci\u00f3n de m\u00e1s de 25 mil alumnos y alumnas.<\/p>\n","protected":false},"excerpt":{"rendered":"<p>Ismael Garc\u00eda M.\/Zona Roja. Oaxaca, Oax., a 16 de junio de 2025.- De la noche&hellip;<\/p>\n","protected":false},"author":2,"featured_media":67764,"comment_status":"closed","ping_status":"open","sticky":false,"template":"","format":"standard","meta":{"_lmt_disableupdate":"","_lmt_disable":"","_jetpack_memberships_contains_paid_content":false,"footnotes":""},"categories":[456,109,48],"tags":[1353],"class_list":["post-81416","post","type-post","status-publish","format-standard","has-post-thumbnail","hentry","category-columna","category-minuto-a-minuto","category-zona-critica","tag-opinion-zona-critica"],"jetpack_featured_media_url":"https:\/\/zonaroja.com.mx\/wp-content\/uploads\/2024\/04\/Opinion-Zona-Roja-Ismael-Garcia.jpg","jetpack_sharing_enabled":true,"_links":{"self":[{"href":"https:\/\/zonaroja.com.mx\/index.php?rest_route=\/wp\/v2\/posts\/81416","targetHints":{"allow":["GET"]}}],"collection":[{"href":"https:\/\/zonaroja.com.mx\/index.php?rest_route=\/wp\/v2\/posts"}],"about":[{"href":"https:\/\/zonaroja.com.mx\/index.php?rest_route=\/wp\/v2\/types\/post"}],"author":[{"embeddable":true,"href":"https:\/\/zonaroja.com.mx\/index.php?rest_route=\/wp\/v2\/users\/2"}],"replies":[{"embeddable":true,"href":"https:\/\/zonaroja.com.mx\/index.php?rest_route=%2Fwp%2Fv2%2Fcomments&post=81416"}],"version-history":[{"count":1,"href":"https:\/\/zonaroja.com.mx\/index.php?rest_route=\/wp\/v2\/posts\/81416\/revisions"}],"predecessor-version":[{"id":81417,"href":"https:\/\/zonaroja.com.mx\/index.php?rest_route=\/wp\/v2\/posts\/81416\/revisions\/81417"}],"wp:featuredmedia":[{"embeddable":true,"href":"https:\/\/zonaroja.com.mx\/index.php?rest_route=\/wp\/v2\/media\/67764"}],"wp:attachment":[{"href":"https:\/\/zonaroja.com.mx\/index.php?rest_route=%2Fwp%2Fv2%2Fmedia&parent=81416"}],"wp:term":[{"taxonomy":"category","embeddable":true,"href":"https:\/\/zonaroja.com.mx\/index.php?rest_route=%2Fwp%2Fv2%2Fcategories&post=81416"},{"taxonomy":"post_tag","embeddable":true,"href":"https:\/\/zonaroja.com.mx\/index.php?rest_route=%2Fwp%2Fv2%2Ftags&post=81416"}],"curies":[{"name":"wp","href":"https:\/\/api.w.org\/{rel}","templated":true}]}}