{"id":81418,"date":"2025-06-16T12:02:00","date_gmt":"2025-06-16T18:02:00","guid":{"rendered":"https:\/\/zonaroja.com.mx\/?p=81418"},"modified":"2025-06-16T10:06:30","modified_gmt":"2025-06-16T16:06:30","slug":"tras-aprobacion-y-criticas-gobernador-de-puebla-pide-analizar-ley-de-ciberseguridad","status":"publish","type":"post","link":"https:\/\/zonaroja.com.mx\/?p=81418","title":{"rendered":"Tras aprobaci\u00f3n y cr\u00edticas, gobernador de Puebla pide analizar Ley de Ciberseguridad"},"content":{"rendered":"\n<p>Redacci\u00f3n\/Zona Roja Cdmx.<\/p>\n\n\n\n<p>Ciudad de M\u00e9xico, a 16 de junio de 2025.- Ante las cr\u00edticas sobre la llamada Ley Censura, el gobernador Alejandro Armenta Mier solicit\u00f3 al Legislativo establecer foros en coordinaci\u00f3n con la Comisi\u00f3n de Derechos Humanos (CDH) estatal, periodistas, asociaciones de padres de familia, organismos de derechos humanos y colegio de abogados para analizar la Ley de Ciberseguridad en lo correspondiente al ciberacoso.<\/p>\n\n\n\n<p>A trav\u00e9s de sus redes sociales, el mandatario poblano public\u00f3 un desplegado en el cual pide a la presidenta en Junta de Gobierno y Coordinaci\u00f3n Pol\u00edtica del Congreso de Puebla, Laura Artemisa Garc\u00eda Ch\u00e1vez, y a los integrantes de la LXII Legislatura llevar a cabo los foros de discusi\u00f3n.<\/p>\n\n\n\n<p>Lo anterior, se\u00f1al\u00f3, con \u201cel prop\u00f3sito de proteger los derechos humanos universales con el mayor consenso posible\u201d, pues recalc\u00f3 que \u201ccon el pueblo todo, sin el pueblo nada\u201d.<\/p>\n\n\n\n<p>El pasado jueves, las diputadas y diputados locales avalaron con 35 votos a favor, cinco en contra y una abstenci\u00f3n el paquete de reformas al C\u00f3digo Penal de Puebla, impulsadas por el coordinador de Gabinete estatal, Jos\u00e9 Luis Garc\u00eda Parra.<\/p>\n\n\n\n<p>Dentro de las modificaciones, se estableci\u00f3 la adici\u00f3n del art\u00edculo 480, que define el ciberasedio como el acto de insultar, injuriar, ofender o vejar a una persona a trav\u00e9s de medios digitales con la insistencia suficiente para da\u00f1ar su integridad f\u00edsica o emocional.<\/p>\n\n\n\n<p>La pena establecida para quienes incurran en ello va de 11 meses a 3 a\u00f1os de prisi\u00f3n, adem\u00e1s de una multa econ\u00f3mica de 50 a 300 d\u00edas del valor diario de la Unidad de Medida y Actualizaci\u00f3n (UMA), que representa un monto aproximado de hasta 30 mil pesos.<\/p>\n\n\n\n<p>Al respecto, la titular de la Comisi\u00f3n de Derechos Humanos en Puebla, Rosa Isela S\u00e1nchez Soya, asegur\u00f3 que har\u00e1 un estudio profundo de la Ley de Ciberseguridad, aunque de entrada se pronunci\u00f3 a favor de ella.<\/p>\n\n\n\n<p>Se\u00f1al\u00f3 que los art\u00edculos 6 y 7 de la Constituci\u00f3n son garantes de la libertad de expresi\u00f3n y limitan cualquier acci\u00f3n en contra de este derecho.<\/p>\n\n\n\n<p>(Informaci\u00f3n de \u201cContraR\u00e9plica Puebla)<\/p>\n","protected":false},"excerpt":{"rendered":"<p>Redacci\u00f3n\/Zona Roja Cdmx. Ciudad de M\u00e9xico, a 16 de junio de 2025.- Ante las cr\u00edticas&hellip;<\/p>\n","protected":false},"author":2,"featured_media":81419,"comment_status":"closed","ping_status":"open","sticky":false,"template":"","format":"standard","meta":{"_lmt_disableupdate":"","_lmt_disable":"","_jetpack_memberships_contains_paid_content":false,"footnotes":""},"categories":[109,47],"tags":[4273],"class_list":["post-81418","post","type-post","status-publish","format-standard","has-post-thumbnail","hentry","category-minuto-a-minuto","category-zona-gris","tag-alejandro-armenta-mier"],"jetpack_featured_media_url":"https:\/\/zonaroja.com.mx\/wp-content\/uploads\/2025\/06\/Alejandro-Armenta-Puebla.webp","jetpack_sharing_enabled":true,"_links":{"self":[{"href":"https:\/\/zonaroja.com.mx\/index.php?rest_route=\/wp\/v2\/posts\/81418","targetHints":{"allow":["GET"]}}],"collection":[{"href":"https:\/\/zonaroja.com.mx\/index.php?rest_route=\/wp\/v2\/posts"}],"about":[{"href":"https:\/\/zonaroja.com.mx\/index.php?rest_route=\/wp\/v2\/types\/post"}],"author":[{"embeddable":true,"href":"https:\/\/zonaroja.com.mx\/index.php?rest_route=\/wp\/v2\/users\/2"}],"replies":[{"embeddable":true,"href":"https:\/\/zonaroja.com.mx\/index.php?rest_route=%2Fwp%2Fv2%2Fcomments&post=81418"}],"version-history":[{"count":1,"href":"https:\/\/zonaroja.com.mx\/index.php?rest_route=\/wp\/v2\/posts\/81418\/revisions"}],"predecessor-version":[{"id":81420,"href":"https:\/\/zonaroja.com.mx\/index.php?rest_route=\/wp\/v2\/posts\/81418\/revisions\/81420"}],"wp:featuredmedia":[{"embeddable":true,"href":"https:\/\/zonaroja.com.mx\/index.php?rest_route=\/wp\/v2\/media\/81419"}],"wp:attachment":[{"href":"https:\/\/zonaroja.com.mx\/index.php?rest_route=%2Fwp%2Fv2%2Fmedia&parent=81418"}],"wp:term":[{"taxonomy":"category","embeddable":true,"href":"https:\/\/zonaroja.com.mx\/index.php?rest_route=%2Fwp%2Fv2%2Fcategories&post=81418"},{"taxonomy":"post_tag","embeddable":true,"href":"https:\/\/zonaroja.com.mx\/index.php?rest_route=%2Fwp%2Fv2%2Ftags&post=81418"}],"curies":[{"name":"wp","href":"https:\/\/api.w.org\/{rel}","templated":true}]}}