{"id":81426,"date":"2025-06-16T20:19:35","date_gmt":"2025-06-17T02:19:35","guid":{"rendered":"https:\/\/zonaroja.com.mx\/?p=81426"},"modified":"2025-06-16T20:19:37","modified_gmt":"2025-06-17T02:19:37","slug":"en-48-horas-seis-muertos-por-accidentes-en-oaxaca","status":"publish","type":"post","link":"https:\/\/zonaroja.com.mx\/?p=81426","title":{"rendered":"En 48 horas, seis muertos por accidentes en Oaxaca"},"content":{"rendered":"\n<p>Ismael Garc\u00eda M.\/Zona Roja.<\/p>\n\n\n\n<p>Oaxaca, Oax., a 16 de junio de 2025.- Entre el s\u00e1bado y el domingo, seis personas perdieron la vida en Oaxaca a causa de de diversos accidentes viales; entre las v\u00edctimas hay un menor de edad y un turista de la ciudad de M\u00e9xico.<\/p>\n\n\n\n<p>Este d\u00eda se dieron a conocer los detalles del percance ocurrido el s\u00e1bado en el municipio de Santiago Amoltepec, en la regi\u00f3n Sierra Sur del estado, donde volc\u00f3 una camioneta marca Nissan, tipo NP300.<\/p>\n\n\n\n<p>Trasladaba a varias personas de la localidad El Laurel con rumbo a Barranca Rica, cuando, por causas a\u00fan no conocidas, la unidad de motor cay\u00f3 a un barranco; en el lugar perdieron la vida dos personas y otras dos en un hospital; hay adem\u00e1s varios heridos.<\/p>\n\n\n\n<p>Las v\u00edctimas fueron identificadas como Leoncio Roque Hern\u00e1ndez, Carolina Hern\u00e1ndez Ria\u00f1o, Margarita Velasco G\u00f3mez y el menor Adri\u00e1n Sa\u00fal R. V., seg\u00fan confirmaron las autoridades estatales.<\/p>\n\n\n\n<p>La Fiscal\u00eda General del Estado de Oaxaca inici\u00f3 la carpeta de investigaci\u00f3n 16476\/Sola\/2025, de manera preliminar por homicidio culposo.<\/p>\n\n\n\n<p>Por otra parte, el domingo Rogelio R. N., de 40 a\u00f1os de edad, originario de la Ciudad de M\u00e9xico y quien se hospedaba en Punta Zicatela, perdi\u00f3 la vida ahogada en la playa Bacocho de Puerto Escondido, Oaxaca.<\/p>\n\n\n\n<p>Cuerpos de auxilio rescataron a la v\u00edctima y hasta el momento se desconoce la forma en que ingres\u00f3 al mar, pese a las restricciones.<\/p>\n\n\n\n<p>Mientras que ayer por la ma\u00f1ana se suscit\u00f3 un accidente vial en la carretera federal 190 Oaxaca-Istmo, a la altura del kil\u00f3metro 28, cerca de Tlacolula de Matamoros.<\/p>\n\n\n\n<p>Una mujer, quien en vida respondi\u00f3 al nombre de Hilda L. T., de 36 a\u00f1os de edad, originaria de Santa Luc\u00eda del Camino, perdi\u00f3 la vida en el interior de la unidad marca Honda, tipo Civic; se presume que iba de copiloto y a\u00fan se desconoce la mec\u00e1nica del accidente.<\/p>\n","protected":false},"excerpt":{"rendered":"<p>Ismael Garc\u00eda M.\/Zona Roja. Oaxaca, Oax., a 16 de junio de 2025.- Entre el s\u00e1bado&hellip;<\/p>\n","protected":false},"author":2,"featured_media":81427,"comment_status":"closed","ping_status":"open","sticky":false,"template":"","format":"standard","meta":{"_lmt_disableupdate":"","_lmt_disable":"","_jetpack_memberships_contains_paid_content":false,"footnotes":""},"categories":[109,47],"tags":[3416],"class_list":["post-81426","post","type-post","status-publish","format-standard","has-post-thumbnail","hentry","category-minuto-a-minuto","category-zona-gris","tag-accidentes-carreteros-oaxaca"],"jetpack_featured_media_url":"https:\/\/zonaroja.com.mx\/wp-content\/uploads\/2025\/06\/Accidente-Amoltepec-cuatro-muertos.jpg","jetpack_sharing_enabled":true,"_links":{"self":[{"href":"https:\/\/zonaroja.com.mx\/index.php?rest_route=\/wp\/v2\/posts\/81426","targetHints":{"allow":["GET"]}}],"collection":[{"href":"https:\/\/zonaroja.com.mx\/index.php?rest_route=\/wp\/v2\/posts"}],"about":[{"href":"https:\/\/zonaroja.com.mx\/index.php?rest_route=\/wp\/v2\/types\/post"}],"author":[{"embeddable":true,"href":"https:\/\/zonaroja.com.mx\/index.php?rest_route=\/wp\/v2\/users\/2"}],"replies":[{"embeddable":true,"href":"https:\/\/zonaroja.com.mx\/index.php?rest_route=%2Fwp%2Fv2%2Fcomments&post=81426"}],"version-history":[{"count":1,"href":"https:\/\/zonaroja.com.mx\/index.php?rest_route=\/wp\/v2\/posts\/81426\/revisions"}],"predecessor-version":[{"id":81428,"href":"https:\/\/zonaroja.com.mx\/index.php?rest_route=\/wp\/v2\/posts\/81426\/revisions\/81428"}],"wp:featuredmedia":[{"embeddable":true,"href":"https:\/\/zonaroja.com.mx\/index.php?rest_route=\/wp\/v2\/media\/81427"}],"wp:attachment":[{"href":"https:\/\/zonaroja.com.mx\/index.php?rest_route=%2Fwp%2Fv2%2Fmedia&parent=81426"}],"wp:term":[{"taxonomy":"category","embeddable":true,"href":"https:\/\/zonaroja.com.mx\/index.php?rest_route=%2Fwp%2Fv2%2Fcategories&post=81426"},{"taxonomy":"post_tag","embeddable":true,"href":"https:\/\/zonaroja.com.mx\/index.php?rest_route=%2Fwp%2Fv2%2Ftags&post=81426"}],"curies":[{"name":"wp","href":"https:\/\/api.w.org\/{rel}","templated":true}]}}