{"id":81429,"date":"2025-06-16T21:28:00","date_gmt":"2025-06-17T03:28:00","guid":{"rendered":"https:\/\/zonaroja.com.mx\/?p=81429"},"modified":"2025-06-16T21:28:06","modified_gmt":"2025-06-17T03:28:06","slug":"san-mateo-pinas-el-asesinato-de-la-edil-lilia-gema-y-el-desvio-de-25-mdp-de-su-antecesor","status":"publish","type":"post","link":"https:\/\/zonaroja.com.mx\/?p=81429","title":{"rendered":"San Mateo Pi\u00f1as: el asesinato de la edil Lilia Gema y el desv\u00edo de 25 mdp de su antecesor\u00a0"},"content":{"rendered":"\n<p>Lisbeth Mej\u00eda Reyes\/Zona Roja.<\/p>\n\n\n\n<p>Oaxaca, Oax., a 16 de junio de 2025.- La denuncia por el presunto desv\u00edo de 25 millones de pesos por parte del ex edil Tom\u00e1s Victorio Garc\u00eda Garc\u00eda, recursos que eran para atender afectaciones del hurac\u00e1n \u201c\u00c1gatha\u201d, es una de las al menos cinco l\u00edneas de investigaci\u00f3n que abri\u00f3 la Fiscal\u00eda General del Estado de Oaxaca (FGEO) por el asesinato violento de la presidenta municipal de San Mateo Pi\u00f1as, Lilia Gema Garc\u00eda Soto.<\/p>\n\n\n\n<p>Quien fuera la primera mujer en ocupar la presidencia de este municipio de Oaxaca fue ultimada cerca del mediod\u00eda del domingo 15 de junio, cuando un comando armado de cinco personas irrumpi\u00f3 en el palacio municipal de la comunidad.&nbsp;<\/p>\n\n\n\n<p>En seis minutos y con al menos 60 detonaciones de \u00abarmas de alto poder\u00bb, fueron asesinados la concejal y el representante de la comunidad Agua Caliente, Gregorio Garc\u00eda Cruz, que se encontraba gestionando una obra ante la edil.<\/p>\n\n\n\n<p>Este lunes, en conferencia de prensa, el fiscal Bernardo Rodr\u00edguez Alamilla se\u00f1al\u00f3 que son por lo menos cinco las l\u00edneas de investigaci\u00f3n por el homicidio, el segundo de un presidente municipal en Oaxaca en lo que va del 2025.<\/p>\n\n\n\n<p>Una de las l\u00edneas es la denuncia que la edil realiz\u00f3 ante la Fiscal\u00eda General de la Rep\u00fablica (FGR) por el fraude cometido con el apoyo del hurac\u00e1n Agatha, que afect\u00f3 a la poblaci\u00f3n en mayo de 2022.&nbsp;<\/p>\n\n\n\n<p>El municipio recibi\u00f3 50 millones de pesos, sin embargo, se presume que el ex presidente desvi\u00f3 25 millones de pesos, adem\u00e1s de que abandon\u00f3 el cargo en julio y huy\u00f3 de la comunidad sin que a la fecha se sepa su paradero.<\/p>\n\n\n\n<p>En su momento, el gobernador, Salom\u00f3n Jara Cruz, se\u00f1al\u00f3 que junto con el ex presidente de San Mateo Pi\u00f1as, otros dos ediles usaron de manera irregular indebida los apoyos otorgados por la federaci\u00f3n en 2022: el de Pluma Hidalgo y Santiago Xanica.<\/p>\n\n\n\n<p>Otra de las l\u00edneas se vinculan con las denuncias de la presidenta ante la Fiscal\u00eda General del Estado: una por el robo de 132 mil pesos a la tesorer\u00eda municipal y que servir\u00eda para pagar una obra; otra por falsificaci\u00f3n de su firma y uso de documentos falsos, cometidos en 2024; una l\u00ednea m\u00e1s es por el pago de cuota por el tr\u00e1nsito de madera en la regi\u00f3n y la quinta es por un tema pol\u00edtico \u2013 social por la disputa del municipio y que es un problema que data desde la administraci\u00f3n anterior.<\/p>\n\n\n\n<p>Adem\u00e1s de estas denuncias, Lilia Gema tambi\u00e9n expuso la contaminaci\u00f3n del r\u00edo San Crist\u00f3bal, que afecta a la poblaci\u00f3n de poco m\u00e1s de 2,000 habitantes de San Mateo Pi\u00f1as.<\/p>\n\n\n\n<figure class=\"wp-block-embed is-type-rich is-provider-twitter wp-block-embed-twitter\"><div class=\"wp-block-embed__wrapper\">\n<div class=\"twitter-tweet\"><blockquote class=\"twitter-tweet\" data-lang=\"es\"><p lang=\"es\" dir=\"ltr\">Fueron al menos cinco sujetos, a bordo de dos motocicletas, los que dispararon alrededor de 60 tiros de armas de grueso calibre para ultimar ayer a la presidenta municipal de San Mateo Pi\u00f1as, Lilia Gema Garc\u00eda Soto, y otra persona, en el palacio municipal. <br><br>Est\u00e1n identificadas\u2026 <a href=\"https:\/\/t.co\/XBiqJZ9R71\">pic.twitter.com\/XBiqJZ9R71<\/a><\/p>&mdash; Zona Roja Oaxaca (@ZonaRoja_Oaxaca) <a href=\"https:\/\/twitter.com\/ZonaRoja_Oaxaca\/status\/1934637775967424555?ref_src=twsrc%5Etfw\">16 de junio de 2025<\/a><\/blockquote><\/div>\n<\/div><\/figure>\n","protected":false},"excerpt":{"rendered":"<p>Lisbeth Mej\u00eda Reyes\/Zona Roja. Oaxaca, Oax., a 16 de junio de 2025.- La denuncia por&hellip;<\/p>\n","protected":false},"author":2,"featured_media":81430,"comment_status":"closed","ping_status":"open","sticky":false,"template":"","format":"standard","meta":{"_lmt_disableupdate":"","_lmt_disable":"","_jetpack_memberships_contains_paid_content":false,"footnotes":""},"categories":[109,47],"tags":[494,4338,2832],"class_list":["post-81429","post","type-post","status-publish","format-standard","has-post-thumbnail","hentry","category-minuto-a-minuto","category-zona-gris","tag-fiscalia-general-del-estado-de-oaxaca","tag-lilia-gema-garcia-soto","tag-san-mateo-pinas"],"jetpack_featured_media_url":"https:\/\/zonaroja.com.mx\/wp-content\/uploads\/2025\/06\/Asesinato-Lilia-Gema-San-Mateo-Pinas.jpg","jetpack_sharing_enabled":true,"_links":{"self":[{"href":"https:\/\/zonaroja.com.mx\/index.php?rest_route=\/wp\/v2\/posts\/81429","targetHints":{"allow":["GET"]}}],"collection":[{"href":"https:\/\/zonaroja.com.mx\/index.php?rest_route=\/wp\/v2\/posts"}],"about":[{"href":"https:\/\/zonaroja.com.mx\/index.php?rest_route=\/wp\/v2\/types\/post"}],"author":[{"embeddable":true,"href":"https:\/\/zonaroja.com.mx\/index.php?rest_route=\/wp\/v2\/users\/2"}],"replies":[{"embeddable":true,"href":"https:\/\/zonaroja.com.mx\/index.php?rest_route=%2Fwp%2Fv2%2Fcomments&post=81429"}],"version-history":[{"count":1,"href":"https:\/\/zonaroja.com.mx\/index.php?rest_route=\/wp\/v2\/posts\/81429\/revisions"}],"predecessor-version":[{"id":81431,"href":"https:\/\/zonaroja.com.mx\/index.php?rest_route=\/wp\/v2\/posts\/81429\/revisions\/81431"}],"wp:featuredmedia":[{"embeddable":true,"href":"https:\/\/zonaroja.com.mx\/index.php?rest_route=\/wp\/v2\/media\/81430"}],"wp:attachment":[{"href":"https:\/\/zonaroja.com.mx\/index.php?rest_route=%2Fwp%2Fv2%2Fmedia&parent=81429"}],"wp:term":[{"taxonomy":"category","embeddable":true,"href":"https:\/\/zonaroja.com.mx\/index.php?rest_route=%2Fwp%2Fv2%2Fcategories&post=81429"},{"taxonomy":"post_tag","embeddable":true,"href":"https:\/\/zonaroja.com.mx\/index.php?rest_route=%2Fwp%2Fv2%2Ftags&post=81429"}],"curies":[{"name":"wp","href":"https:\/\/api.w.org\/{rel}","templated":true}]}}