{"id":81432,"date":"2025-06-16T21:45:58","date_gmt":"2025-06-17T03:45:58","guid":{"rendered":"https:\/\/zonaroja.com.mx\/?p=81432"},"modified":"2025-06-16T21:46:01","modified_gmt":"2025-06-17T03:46:01","slug":"identifican-a-individuo-asesinado-en-la-ciudad-de-oaxaca","status":"publish","type":"post","link":"https:\/\/zonaroja.com.mx\/?p=81432","title":{"rendered":"Identifican a individuo asesinado en la ciudad de Oaxaca"},"content":{"rendered":"\n<p>Raymundo Morales\/Zona Roja.<\/p>\n\n\n\n<p>Oaxaca, Oax., a 16 de junio de 2025.- Como Sergio A. H. M., fue identificada la persona del sexo masculino asesinada a balazos esta tarde-noche al norte de la ciudad de Oaxaca.<\/p>\n\n\n\n<p>Seg\u00fan datos preliminares, la v\u00edctima transitaba a bordo de su motocicleta sobre la calle Azucena, entre Independencia y Constituci\u00f3n, de la Segunda Secci\u00f3n de la agencia Ejido Guadalupe Victoria.<\/p>\n\n\n\n<p>Fueron al menos dos sujetos a bordo de una motocicleta quienes lo acribillaron, tras lo cual huyeron con rumbo desconocido.<\/p>\n\n\n\n<p>Tras ello arribaron elementos policiacos, que efectuaron operativos de b\u00fasqueda, sin \u00e9xito hasta el momento. Mientras que personal de la Cruz Roja Mexicana brind\u00f3 los primeros auxilios al baleado pero corroboraron que ya no contaba con signos vitales.<\/p>\n\n\n\n<p>La Fiscal\u00eda General del Estado de Oaxaca inici\u00f3 con las investigaciones correspondientes, con la finalidad de esclarecer el caso y llevar a la justicia a los responsables de este crimen.<\/p>\n","protected":false},"excerpt":{"rendered":"<p>Raymundo Morales\/Zona Roja. Oaxaca, Oax., a 16 de junio de 2025.- Como Sergio A. H.&hellip;<\/p>\n","protected":false},"author":2,"featured_media":81433,"comment_status":"closed","ping_status":"open","sticky":false,"template":"","format":"standard","meta":{"_lmt_disableupdate":"","_lmt_disable":"","_jetpack_memberships_contains_paid_content":false,"footnotes":""},"categories":[109,51],"tags":[148],"class_list":["post-81432","post","type-post","status-publish","format-standard","has-post-thumbnail","hentry","category-minuto-a-minuto","category-zona-roja","tag-oaxaca-de-juarez"],"jetpack_featured_media_url":"https:\/\/zonaroja.com.mx\/wp-content\/uploads\/2025\/06\/Asesinado-agencia-guadalupe-victoria-ciudad-de-Oaxaca.jpeg","jetpack_sharing_enabled":true,"_links":{"self":[{"href":"https:\/\/zonaroja.com.mx\/index.php?rest_route=\/wp\/v2\/posts\/81432","targetHints":{"allow":["GET"]}}],"collection":[{"href":"https:\/\/zonaroja.com.mx\/index.php?rest_route=\/wp\/v2\/posts"}],"about":[{"href":"https:\/\/zonaroja.com.mx\/index.php?rest_route=\/wp\/v2\/types\/post"}],"author":[{"embeddable":true,"href":"https:\/\/zonaroja.com.mx\/index.php?rest_route=\/wp\/v2\/users\/2"}],"replies":[{"embeddable":true,"href":"https:\/\/zonaroja.com.mx\/index.php?rest_route=%2Fwp%2Fv2%2Fcomments&post=81432"}],"version-history":[{"count":1,"href":"https:\/\/zonaroja.com.mx\/index.php?rest_route=\/wp\/v2\/posts\/81432\/revisions"}],"predecessor-version":[{"id":81434,"href":"https:\/\/zonaroja.com.mx\/index.php?rest_route=\/wp\/v2\/posts\/81432\/revisions\/81434"}],"wp:featuredmedia":[{"embeddable":true,"href":"https:\/\/zonaroja.com.mx\/index.php?rest_route=\/wp\/v2\/media\/81433"}],"wp:attachment":[{"href":"https:\/\/zonaroja.com.mx\/index.php?rest_route=%2Fwp%2Fv2%2Fmedia&parent=81432"}],"wp:term":[{"taxonomy":"category","embeddable":true,"href":"https:\/\/zonaroja.com.mx\/index.php?rest_route=%2Fwp%2Fv2%2Fcategories&post=81432"},{"taxonomy":"post_tag","embeddable":true,"href":"https:\/\/zonaroja.com.mx\/index.php?rest_route=%2Fwp%2Fv2%2Ftags&post=81432"}],"curies":[{"name":"wp","href":"https:\/\/api.w.org\/{rel}","templated":true}]}}