{"id":81435,"date":"2025-06-16T22:39:38","date_gmt":"2025-06-17T04:39:38","guid":{"rendered":"https:\/\/zonaroja.com.mx\/?p=81435"},"modified":"2025-06-16T22:39:40","modified_gmt":"2025-06-17T04:39:40","slug":"arde-juchitan-por-extorsiones-y-cobro-de-piso","status":"publish","type":"post","link":"https:\/\/zonaroja.com.mx\/?p=81435","title":{"rendered":"Arde Juchit\u00e1n, por extorsiones y \u201ccobro de piso\u201d"},"content":{"rendered":"\n<p>Raymundo Morales\/Zona Roja.<\/p>\n\n\n\n<p>Oaxaca, Oax., a 16 de junio de 2025.- Aunado a los asesinatos cotidianos, la ola de extorsiones se increment\u00f3 este lunes en Juchit\u00e1n de Zaragoza, con el incendio de dos tiendas Oxxo y el paro de actividades de diversas l\u00edneas de transporte de pasajeros.<\/p>\n\n\n\n<p>Esta tarde, presuntos integrantes de un grupo delictivo prendieron fuego a una tienda de conveniencia ubicada en el fraccionamiento Infonavit Zapand\u00fa y otro en la Octava Secci\u00f3n Cheguigo.<\/p>\n\n\n\n<p>Presuntamente fue debido a que los responsables de los establecimientos de cadena nacional, se negaron a pagar \u201cderecho de piso\u201d a grupos criminales; en un caso hubo una persona lesionada.<\/p>\n\n\n\n<p>Corporaciones policiacas arribaron a la zona para atender la emergencia, pero no lograron efectuar ninguna detenci\u00f3n.<\/p>\n\n\n\n<p>En tanto, en el transcurso del d\u00eda, al menos cinco l\u00edneas camioneras de la regi\u00f3n del Istmo, entre ellos autobuses Istme\u00f1os Ranchu Gubi\u00f1a, Omisa y Trans\u00edstmica, decidieron suspender labores.<\/p>\n\n\n\n<p>Lo anterior ante m\u00faltiples amenazas de \u201ccobro de piso\u201d; de hecho, un autob\u00fas fue baleado, con saldo de una persona lesionada.<\/p>\n\n\n\n<p>La ola delictiva desat\u00f3 una ola de p\u00e1nico y suspensi\u00f3n de actividades educativas por parte de diversas instituciones educativas del nivel b\u00e1sico, medio superior y superior, de car\u00e1cter privado y p\u00fablico.<\/p>\n\n\n\n<p>En tanto, el ayuntamiento de Juchit\u00e1n, que encabeza Miguel S\u00e1nchez Altamirano, se limit\u00f3 a demandar apoyo a las autoridades estatales y federales para garantizar la seguridad, pero sin mencionar las acciones que realiza al respecto.<\/p>\n\n\n\n<p>De acuerdo con la Fiscal\u00eda General del Estado de Oaxaca, la ola delictiva deton\u00f3 hoy debido a la reciente detenci\u00f3n de dos familiares del \u201cComandante Cromo\u201d, presunto l\u00edder de un grupo delictivo.<\/p>\n\n\n\n<figure class=\"wp-block-embed is-type-rich is-provider-twitter wp-block-embed-twitter\"><div class=\"wp-block-embed__wrapper\">\n<div class=\"twitter-tweet\"><blockquote class=\"twitter-tweet\" data-lang=\"es\"><p lang=\"es\" dir=\"ltr\">Terrible situaci\u00f3n en la regi\u00f3n del Istmo. <br><br>Reportan el incendio de dos tiendas <a href=\"https:\/\/twitter.com\/Tiendas_OXXO?ref_src=twsrc%5Etfw\">@Tiendas_OXXO<\/a> en Juchit\u00e1n de Zaragoza, presuntamente por negarse a pagar extorsi\u00f3n. <br><br>Varias l\u00edneas de transporte de pasajeros en la zona suspendieron actividades, tambi\u00e9n por amenazas. <br><br>El fin de\u2026 <a href=\"https:\/\/t.co\/p7GkEJHR3N\">pic.twitter.com\/p7GkEJHR3N<\/a><\/p>&mdash; Zona Roja Oaxaca (@ZonaRoja_Oaxaca) <a href=\"https:\/\/twitter.com\/ZonaRoja_Oaxaca\/status\/1934758069688209883?ref_src=twsrc%5Etfw\">16 de junio de 2025<\/a><\/blockquote><\/div>\n<\/div><\/figure>\n","protected":false},"excerpt":{"rendered":"<p>Raymundo Morales\/Zona Roja. Oaxaca, Oax., a 16 de junio de 2025.- Aunado a los asesinatos&hellip;<\/p>\n","protected":false},"author":2,"featured_media":81436,"comment_status":"closed","ping_status":"open","sticky":false,"template":"","format":"standard","meta":{"_lmt_disableupdate":"","_lmt_disable":"","_jetpack_memberships_contains_paid_content":false,"footnotes":""},"categories":[109,47],"tags":[1142],"class_list":["post-81435","post","type-post","status-publish","format-standard","has-post-thumbnail","hentry","category-minuto-a-minuto","category-zona-gris","tag-juchitan-de-zargoza"],"jetpack_featured_media_url":"https:\/\/zonaroja.com.mx\/wp-content\/uploads\/2025\/06\/Incendio-Oxxo-Juchitan.jpg","jetpack_sharing_enabled":true,"_links":{"self":[{"href":"https:\/\/zonaroja.com.mx\/index.php?rest_route=\/wp\/v2\/posts\/81435","targetHints":{"allow":["GET"]}}],"collection":[{"href":"https:\/\/zonaroja.com.mx\/index.php?rest_route=\/wp\/v2\/posts"}],"about":[{"href":"https:\/\/zonaroja.com.mx\/index.php?rest_route=\/wp\/v2\/types\/post"}],"author":[{"embeddable":true,"href":"https:\/\/zonaroja.com.mx\/index.php?rest_route=\/wp\/v2\/users\/2"}],"replies":[{"embeddable":true,"href":"https:\/\/zonaroja.com.mx\/index.php?rest_route=%2Fwp%2Fv2%2Fcomments&post=81435"}],"version-history":[{"count":1,"href":"https:\/\/zonaroja.com.mx\/index.php?rest_route=\/wp\/v2\/posts\/81435\/revisions"}],"predecessor-version":[{"id":81437,"href":"https:\/\/zonaroja.com.mx\/index.php?rest_route=\/wp\/v2\/posts\/81435\/revisions\/81437"}],"wp:featuredmedia":[{"embeddable":true,"href":"https:\/\/zonaroja.com.mx\/index.php?rest_route=\/wp\/v2\/media\/81436"}],"wp:attachment":[{"href":"https:\/\/zonaroja.com.mx\/index.php?rest_route=%2Fwp%2Fv2%2Fmedia&parent=81435"}],"wp:term":[{"taxonomy":"category","embeddable":true,"href":"https:\/\/zonaroja.com.mx\/index.php?rest_route=%2Fwp%2Fv2%2Fcategories&post=81435"},{"taxonomy":"post_tag","embeddable":true,"href":"https:\/\/zonaroja.com.mx\/index.php?rest_route=%2Fwp%2Fv2%2Ftags&post=81435"}],"curies":[{"name":"wp","href":"https:\/\/api.w.org\/{rel}","templated":true}]}}