{"id":81440,"date":"2025-06-17T08:15:00","date_gmt":"2025-06-17T14:15:00","guid":{"rendered":"https:\/\/zonaroja.com.mx\/?p=81440"},"modified":"2025-06-17T07:05:14","modified_gmt":"2025-06-17T13:05:14","slug":"detencion-de-familiares-del-comandante-cromo-desata-caos-en-juchitan","status":"publish","type":"post","link":"https:\/\/zonaroja.com.mx\/?p=81440","title":{"rendered":"Detenci\u00f3n de familiares del \u201cComandante Cromo\u201d desata caos en Juchit\u00e1n"},"content":{"rendered":"\n<p>Raymundo Morales\/Zona Roja.&nbsp;<\/p>\n\n\n\n<p>Oaxaca, Oax., a 17 de junio de 2025.- La reciente detenci\u00f3n de dos familiares del \u201cComandante Cromo\u201d, presunto l\u00edder de un grupo delictivo en la regi\u00f3n del Istmo de Tehuantepec, gener\u00f3 una jornada de violencia ayer en Juchit\u00e1n de Zaragoza.<\/p>\n\n\n\n<p>As\u00ed lo inform\u00f3 la Fiscal\u00eda General del Estado de Oaxaca (FGEO) a trav\u00e9s de un comunicado, en que detall\u00f3 en conjunto con la Secretar\u00eda de la Defensa Nacional, la Secretar\u00eda de Marina, la Guardia Nacional y Secretar\u00eda de Seguridad y Protecci\u00f3n Ciudadana, llevaron a cabo la detenci\u00f3n de dos personas clave en la estructura criminal.<\/p>\n\n\n\n<p>En respuesta presuntos integrantes de la c\u00e9lula delictiva provocaron incendios en al menos dos sucursales de la tienda de Oxxo en el Istmo, por lo que la Mesa de Seguridad despleg\u00f3 un operativo conjunto para garantizar la seguridad en la regi\u00f3n.<\/p>\n\n\n\n<p>Las dos personas detenidas en el Istmo de Tehuantepec son una mujer identificada por las iniciales C.I.S.S., as\u00ed como T.S.M., hermana y padre del \u201cComandante Cromo\u201d, quienes eran objetivos prioritarios al ser clave dentro de la estructura delictiva de esta c\u00e9lula.<\/p>\n\n\n\n<p>La Fiscal\u00eda detall\u00f3 que con estas dos capturas relevantes, son al menos 60 objetivos prioritarios capturados con la implementaci\u00f3n de la \u201cOperaci\u00f3n Sable\u201d, en la regi\u00f3n del Istmo de Tehuantepec.<\/p>\n\n\n\n<p>Luego de estas detenciones, la instituci\u00f3n tom\u00f3 conocimiento de diferentes ataques en al menos dos sucursales de la tienda de conveniencia Oxxo, ambos en la ciudad de Juchit\u00e1n de Zaragoza, adem\u00e1s de que l\u00edneas de transporte de la regi\u00f3n fueron v\u00edctimas de amenazas.<\/p>\n\n\n\n<p>Tanto los incendios en las tiendas, como las amenazas a transportistas, se le atribuyen a la c\u00e9lula delictiva del \u201cComandante Cromo\u201d, pues los trabajos de inteligencia establecen que es una respuesta por la aprehensi\u00f3n de C.I.S.S., as\u00ed como T.S.M.<\/p>\n\n\n\n<p>En tanto que, la Mesa de Seguridad integrada por diferentes dependencias estatales y federales trabajan para contener dichos brotes de violencia y garantizar la seguridad para la poblaci\u00f3n.<\/p>\n\n\n\n<p>GARANTIZAN SEGURIDAD<\/p>\n\n\n\n<p>Por su parte, ante los hechos de intimidaci\u00f3n que realizaron grupos delictivos en la Heroica Ciudad de Juchit\u00e1n de Zaragoza, el gobierno de Oaxaca, a trav\u00e9s del Gabinete de Seguridad, dio a conocer que trabaja en coordinaci\u00f3n con los tres niveles de gobierno para garantizar que no haya impunidad.<\/p>\n\n\n\n<p>En estas acciones participan la Secretar\u00eda de la Defensa Nacional, Guardia Nacional, Secretar\u00eda de Seguridad y Protecci\u00f3n Ciudadana, as\u00ed como la Secretar\u00eda de Marina; para blindar instituciones comerciales, p\u00fablicas, transporte, entre otras; de quienes buscan desestabilizar la seguridad y paz social de esta municipalidad.<\/p>\n\n\n\n<p>\u201cEl Gobierno del Estado refrenda su compromiso con las familias de Juchit\u00e1n de Zaragoza para garantizar la seguridad y bienestar de las mismas\u201d, indic\u00f3.<\/p>\n","protected":false},"excerpt":{"rendered":"<p>Raymundo Morales\/Zona Roja.&nbsp; Oaxaca, Oax., a 17 de junio de 2025.- La reciente detenci\u00f3n de&hellip;<\/p>\n","protected":false},"author":2,"featured_media":81441,"comment_status":"closed","ping_status":"open","sticky":false,"template":"","format":"standard","meta":{"_lmt_disableupdate":"","_lmt_disable":"","_jetpack_memberships_contains_paid_content":false,"footnotes":""},"categories":[109,46],"tags":[494],"class_list":["post-81440","post","type-post","status-publish","format-standard","has-post-thumbnail","hentry","category-minuto-a-minuto","category-zona-blanca","tag-fiscalia-general-del-estado-de-oaxaca"],"jetpack_featured_media_url":"https:\/\/zonaroja.com.mx\/wp-content\/uploads\/2025\/06\/DEtenidos-familiares-del-comandante-cromo-Juchitan-Fiscalia.jpg","jetpack_sharing_enabled":true,"_links":{"self":[{"href":"https:\/\/zonaroja.com.mx\/index.php?rest_route=\/wp\/v2\/posts\/81440","targetHints":{"allow":["GET"]}}],"collection":[{"href":"https:\/\/zonaroja.com.mx\/index.php?rest_route=\/wp\/v2\/posts"}],"about":[{"href":"https:\/\/zonaroja.com.mx\/index.php?rest_route=\/wp\/v2\/types\/post"}],"author":[{"embeddable":true,"href":"https:\/\/zonaroja.com.mx\/index.php?rest_route=\/wp\/v2\/users\/2"}],"replies":[{"embeddable":true,"href":"https:\/\/zonaroja.com.mx\/index.php?rest_route=%2Fwp%2Fv2%2Fcomments&post=81440"}],"version-history":[{"count":1,"href":"https:\/\/zonaroja.com.mx\/index.php?rest_route=\/wp\/v2\/posts\/81440\/revisions"}],"predecessor-version":[{"id":81442,"href":"https:\/\/zonaroja.com.mx\/index.php?rest_route=\/wp\/v2\/posts\/81440\/revisions\/81442"}],"wp:featuredmedia":[{"embeddable":true,"href":"https:\/\/zonaroja.com.mx\/index.php?rest_route=\/wp\/v2\/media\/81441"}],"wp:attachment":[{"href":"https:\/\/zonaroja.com.mx\/index.php?rest_route=%2Fwp%2Fv2%2Fmedia&parent=81440"}],"wp:term":[{"taxonomy":"category","embeddable":true,"href":"https:\/\/zonaroja.com.mx\/index.php?rest_route=%2Fwp%2Fv2%2Fcategories&post=81440"},{"taxonomy":"post_tag","embeddable":true,"href":"https:\/\/zonaroja.com.mx\/index.php?rest_route=%2Fwp%2Fv2%2Ftags&post=81440"}],"curies":[{"name":"wp","href":"https:\/\/api.w.org\/{rel}","templated":true}]}}