{"id":81445,"date":"2025-06-17T10:13:00","date_gmt":"2025-06-17T16:13:00","guid":{"rendered":"https:\/\/zonaroja.com.mx\/?p=81445"},"modified":"2025-06-17T07:21:17","modified_gmt":"2025-06-17T13:21:17","slug":"gobierno-de-oaxaca-entrega-por-segundo-ano-becas-mi-primera-chamba","status":"publish","type":"post","link":"https:\/\/zonaroja.com.mx\/?p=81445","title":{"rendered":"Gobierno de Oaxaca entrega por segundo a\u00f1o becas \u201cMi primera chamba\u201d"},"content":{"rendered":"\n<p>Redacci\u00f3n\/Zona Roja.&nbsp;&nbsp;<\/p>\n\n\n\n<p>Oaxaca, Oax., a 17 de junio de 2025.- El gobierno de Oaxaca otorg\u00f3 apoyos por segundo a\u00f1o consecutivo a mujeres y hombres que egresan de las universidades, para que inicien su formaci\u00f3n laboral.&nbsp;<\/p>\n\n\n\n<p>Ayer, ante m\u00e1s de mil j\u00f3venes, el titular del Poder Ejecutivo, Salom\u00f3n Jara Cruz inici\u00f3 la entrega de las tarjetas del programa \u201cMi Primera Chamba, Experiencia que Transforma\u201d.<\/p>\n\n\n\n<p>En un encuentro realizado en el Centro Cultural y de Convenciones de Oaxaca, en Santa Luc\u00eda del Camino, el mandatario estatal afirm\u00f3 que este proyecto, \u00fanico en el pa\u00eds, creci\u00f3 este a\u00f1o a cuatro mil 333 personas beneficiarias, superando la meta de cuatro mil 166; con una inversi\u00f3n total de 450 millones pesos.<\/p>\n\n\n\n<p>\u201cEl compromiso que tenemos con todas y todos ustedes es hacer un estado pr\u00f3spero y grande. Yo reconozco a todas las mujeres y hombres, que tienen mucha capacidad para demostrar que en Oaxaca s\u00ed se puede salir adelante\u201d, dijo.<\/p>\n\n\n\n<p>Este 2025, se otorgan de manera mensual 8 mil 364 pesos a cada una de las y los inscritos en \u201cMi Primera Chamba\u201d, durante un a\u00f1o de estancia productiva en una instituci\u00f3n p\u00fablica o privada.&nbsp;<\/p>\n\n\n\n<p>De manera simb\u00f3lica recibieron su tarjeta: Camila Patricia Santiago del Istmo de Tehuantepec; Jessica Jim\u00e9nez D\u00edaz de los Valles Centrales, Sadot Hern\u00e1ndez S\u00e1nchez de la Costa y Ana Luc\u00eda P\u00e9rez Valdivia de la Cuenca del Papaloapan.<\/p>\n\n\n\n<p>POR LA NI\u00d1EZ<\/p>\n\n\n\n<p>Previo a ello, en el Palacio de Gobierno el mandatario estatal encabez\u00f3 la instalaci\u00f3n del Primer Consejo Consultivo de Ni\u00f1as, Ni\u00f1os y Adolescentes que se encargar\u00e1 de escuchar, proponer y vigilar las pol\u00edticas p\u00fablicas surgidas de este sector de la poblaci\u00f3n en favor de sus derechos.<\/p>\n\n\n\n<p>Indic\u00f3 que este \u00f3rgano ser\u00e1 un pilar fundamental de justicia en el estado, el cual tendr\u00e1 todo el respaldo de la Primavera Oaxaque\u00f1a para garantizar la igualdad sustantiva, la erradicaci\u00f3n del trabajo infantil, educaci\u00f3n intercultural, seguridad integral y la no discriminaci\u00f3n.<\/p>\n\n\n\n<p>\u201cEn Oaxaca, las infancias y juventudes son el presente y el futuro, merecen vivir con plenitud, seguridad, salud, educaci\u00f3n y alegr\u00eda. El Consejo que hoy se integra es una semilla de la participaci\u00f3n democr\u00e1tica. Nuestro gobierno florece cuando cuidamos sus ra\u00edces las cuales son las ni\u00f1as, ni\u00f1os y adolescentes\u201d, mencion\u00f3.<\/p>\n\n\n\n<p>Por su parte, la titular de la Secretar\u00eda Ejecutiva del Sistema Nacional de Protecci\u00f3n Integral de las Ni\u00f1as Ni\u00f1os y Adolescentes (SE-Sipinna), Silvia Lorena Villavicencio Ayala resalt\u00f3 que con esta acci\u00f3n, los gobiernos federal y estatal trabajan, de manera coordinada, para implementar las estrategias que mejoren la vida de este grupo poblacional.<\/p>\n\n\n\n<p>\u201cQueremos que ejerzan su derecho a la participaci\u00f3n, a eso est\u00e1 convocando el Gobernador de Oaxaca, reconocemos el esfuerzo permanente que realiza por integrar el sentido comunitario con los derechos de cada ni\u00f1a y ni\u00f1o\u201d, destac\u00f3.<\/p>\n","protected":false},"excerpt":{"rendered":"<p>Redacci\u00f3n\/Zona Roja.&nbsp;&nbsp; Oaxaca, Oax., a 17 de junio de 2025.- El gobierno de Oaxaca otorg\u00f3&hellip;<\/p>\n","protected":false},"author":2,"featured_media":81446,"comment_status":"closed","ping_status":"open","sticky":false,"template":"","format":"standard","meta":{"_lmt_disableupdate":"","_lmt_disable":"","_jetpack_memberships_contains_paid_content":false,"footnotes":""},"categories":[109,46],"tags":[939],"class_list":["post-81445","post","type-post","status-publish","format-standard","has-post-thumbnail","hentry","category-minuto-a-minuto","category-zona-blanca","tag-salomon-jara-cruz"],"jetpack_featured_media_url":"https:\/\/zonaroja.com.mx\/wp-content\/uploads\/2025\/06\/Por-segundo-ano-Salomon-Jara-cumple-a-juventudes-oaxaquenas-entrega-tarjetas-de-Mi-Primera-Chamba-8.jpeg","jetpack_sharing_enabled":true,"_links":{"self":[{"href":"https:\/\/zonaroja.com.mx\/index.php?rest_route=\/wp\/v2\/posts\/81445","targetHints":{"allow":["GET"]}}],"collection":[{"href":"https:\/\/zonaroja.com.mx\/index.php?rest_route=\/wp\/v2\/posts"}],"about":[{"href":"https:\/\/zonaroja.com.mx\/index.php?rest_route=\/wp\/v2\/types\/post"}],"author":[{"embeddable":true,"href":"https:\/\/zonaroja.com.mx\/index.php?rest_route=\/wp\/v2\/users\/2"}],"replies":[{"embeddable":true,"href":"https:\/\/zonaroja.com.mx\/index.php?rest_route=%2Fwp%2Fv2%2Fcomments&post=81445"}],"version-history":[{"count":1,"href":"https:\/\/zonaroja.com.mx\/index.php?rest_route=\/wp\/v2\/posts\/81445\/revisions"}],"predecessor-version":[{"id":81447,"href":"https:\/\/zonaroja.com.mx\/index.php?rest_route=\/wp\/v2\/posts\/81445\/revisions\/81447"}],"wp:featuredmedia":[{"embeddable":true,"href":"https:\/\/zonaroja.com.mx\/index.php?rest_route=\/wp\/v2\/media\/81446"}],"wp:attachment":[{"href":"https:\/\/zonaroja.com.mx\/index.php?rest_route=%2Fwp%2Fv2%2Fmedia&parent=81445"}],"wp:term":[{"taxonomy":"category","embeddable":true,"href":"https:\/\/zonaroja.com.mx\/index.php?rest_route=%2Fwp%2Fv2%2Fcategories&post=81445"},{"taxonomy":"post_tag","embeddable":true,"href":"https:\/\/zonaroja.com.mx\/index.php?rest_route=%2Fwp%2Fv2%2Ftags&post=81445"}],"curies":[{"name":"wp","href":"https:\/\/api.w.org\/{rel}","templated":true}]}}