{"id":81448,"date":"2025-06-17T11:23:00","date_gmt":"2025-06-17T17:23:00","guid":{"rendered":"https:\/\/zonaroja.com.mx\/?p=81448"},"modified":"2025-06-17T07:25:36","modified_gmt":"2025-06-17T13:25:36","slug":"desaparece-otro-grupo-musical-ahora-en-nuevo-leon","status":"publish","type":"post","link":"https:\/\/zonaroja.com.mx\/?p=81448","title":{"rendered":"Desaparece otro grupo musical, ahora en Nuevo Le\u00f3n"},"content":{"rendered":"\n<p>Redacci\u00f3n\/Zona Roja Cdmx.<\/p>\n\n\n\n<p>Ciudad de M\u00e9xico, a 19 de junio de 2025.- Los integrantes del grupo musical norte\u00f1o \u201cLos Juniors\u201d de Monterrey fueron reportados como desaparecidos por sus familiares en redes sociales.&nbsp;<\/p>\n\n\n\n<p>De acuerdo a las publicaciones de sus seres queridos, los m\u00fasicos iban a dar un concierto en el municipio de General Ter\u00e1n.<\/p>\n\n\n\n<p>No obstante, el \u00faltimo contacto que tuvieron con sus familiares fue a trav\u00e9s de una historia en las redes sociales en donde presuntamente mostraron una falla mec\u00e1nica en la camioneta tipo Suburban con placas GZG495E, en el municipio de China.&nbsp;<\/p>\n\n\n\n<p>Se estima que fue en ese lugar donde presuntamente se les vio por \u00faltima vez el domingo, sobre la Carretera Libre a China, cerca de la comunidad de San Juan.<\/p>\n\n\n\n<p>De acuerdo con sus familiares, los celulares de los m\u00fasicos autom\u00e1ticamente son redireccionados a buz\u00f3n de voz, por lo que es imposible comunicarse con ellos.<\/p>\n\n\n\n<p>\u201cLos Juniors\u201d de Monterrey son una banda de norte\u00f1o que es popular en el estado de Nuevo Le\u00f3n.<\/p>\n\n\n\n<p>Todos los integrantes de este conjunto son hombres de entre 18 a 40 a\u00f1os, los cuales son identificados como Luis Neftal\u00ed Dom\u00ednguez y Abraham Ontiveros, ambos de 23 a\u00f1os; Leonardo Rubio de 33 a\u00f1os; Oscar Ulises P\u00e9rez de 24 a\u00f1os; Lorenzo Antonio Mart\u00ednez de 40 a\u00f1os; y Francisco Gabriel Alfaro de 18 a\u00f1os.&nbsp;<\/p>\n\n\n\n<p>De acuerdo a la Fiscal\u00eda General de Justicia de Nuevo Le\u00f3n, ya se recibi\u00f3 el reporte de la&nbsp;desaparici\u00f3n, por lo est\u00e1 en proceso la creaci\u00f3n de las fichas correspondientes.&nbsp;<\/p>\n\n\n\n<p>(Informaci\u00f3n de \u201cLa Jornada\u201d)<\/p>\n","protected":false},"excerpt":{"rendered":"<p>Redacci\u00f3n\/Zona Roja Cdmx. Ciudad de M\u00e9xico, a 19 de junio de 2025.- Los integrantes del&hellip;<\/p>\n","protected":false},"author":2,"featured_media":81449,"comment_status":"closed","ping_status":"open","sticky":false,"template":"","format":"standard","meta":{"_lmt_disableupdate":"","_lmt_disable":"","_jetpack_memberships_contains_paid_content":false,"footnotes":""},"categories":[109,47],"tags":[4339],"class_list":["post-81448","post","type-post","status-publish","format-standard","has-post-thumbnail","hentry","category-minuto-a-minuto","category-zona-gris","tag-los-juniors-de-monterrey"],"jetpack_featured_media_url":"https:\/\/zonaroja.com.mx\/wp-content\/uploads\/2025\/06\/grupo-musical-los-juniors.jpg","jetpack_sharing_enabled":true,"_links":{"self":[{"href":"https:\/\/zonaroja.com.mx\/index.php?rest_route=\/wp\/v2\/posts\/81448","targetHints":{"allow":["GET"]}}],"collection":[{"href":"https:\/\/zonaroja.com.mx\/index.php?rest_route=\/wp\/v2\/posts"}],"about":[{"href":"https:\/\/zonaroja.com.mx\/index.php?rest_route=\/wp\/v2\/types\/post"}],"author":[{"embeddable":true,"href":"https:\/\/zonaroja.com.mx\/index.php?rest_route=\/wp\/v2\/users\/2"}],"replies":[{"embeddable":true,"href":"https:\/\/zonaroja.com.mx\/index.php?rest_route=%2Fwp%2Fv2%2Fcomments&post=81448"}],"version-history":[{"count":1,"href":"https:\/\/zonaroja.com.mx\/index.php?rest_route=\/wp\/v2\/posts\/81448\/revisions"}],"predecessor-version":[{"id":81450,"href":"https:\/\/zonaroja.com.mx\/index.php?rest_route=\/wp\/v2\/posts\/81448\/revisions\/81450"}],"wp:featuredmedia":[{"embeddable":true,"href":"https:\/\/zonaroja.com.mx\/index.php?rest_route=\/wp\/v2\/media\/81449"}],"wp:attachment":[{"href":"https:\/\/zonaroja.com.mx\/index.php?rest_route=%2Fwp%2Fv2%2Fmedia&parent=81448"}],"wp:term":[{"taxonomy":"category","embeddable":true,"href":"https:\/\/zonaroja.com.mx\/index.php?rest_route=%2Fwp%2Fv2%2Fcategories&post=81448"},{"taxonomy":"post_tag","embeddable":true,"href":"https:\/\/zonaroja.com.mx\/index.php?rest_route=%2Fwp%2Fv2%2Ftags&post=81448"}],"curies":[{"name":"wp","href":"https:\/\/api.w.org\/{rel}","templated":true}]}}