{"id":8145,"date":"2020-01-28T09:01:54","date_gmt":"2020-01-28T15:01:54","guid":{"rendered":"http:\/\/www.zonaroja.com.mx\/?p=8145"},"modified":"2020-01-28T09:02:01","modified_gmt":"2020-01-28T15:02:01","slug":"reanudan-sep-ieepo-y-seccion-22-mesas-de-trabajo-para-atender-incidencias","status":"publish","type":"post","link":"https:\/\/zonaroja.com.mx\/?p=8145","title":{"rendered":"Reanudan SEP-IEEPO y Secci\u00f3n 22 mesas de trabajo para atender incidencias"},"content":{"rendered":"\n<p>Redacci\u00f3n\/Zona Roja.<\/p>\n\n\n\n<p>Oaxaca de Ju\u00e1rez, Oax. 28 de enero de\n2020.- La Secretar\u00eda de Educaci\u00f3n P\u00fablica (SEP), el Instituto Estatal de\nEducaci\u00f3n P\u00fablica de Oaxaca (IEEPO) y la dirigencia de la Secci\u00f3n 22 del SNTE reanudaron\nlas mesas de trabajo, con el fin de tomar acuerdos sobre los procedimientos\nnecesarios para iniciar la soluci\u00f3n de tres mil 215 incidencias administrativas\npresentadas por el magisterio.<\/p>\n\n\n\n<p>En un comunicado, el IEEPO inform\u00f3 que\nmediante este ejercicio de di\u00e1logo entre la Federaci\u00f3n, el Gobierno del Estado\ny docentes, se coordinan los procedimientos que habr\u00e1n de llevarse a cabo para\nla atenci\u00f3n de las solicitudes administrativas y laborales del personal, que\npresta sus servicios en los planteles escolares y dentro del sector educativo\nde Oaxaca.<\/p>\n\n\n\n<p>Con la participaci\u00f3n del director de\nPlaneaci\u00f3n y Control Presupuestal de la SEP, Ra\u00fal Chao Ornelas; del subdirector\ngeneral Ejecutivo del IEEPO, Jos\u00e9 Luis Rangel Bret\u00f3n, en representaci\u00f3n del\ndirector general Francisco \u00c1ngel Villarreal, y del secretario general de la\nSecci\u00f3n 22 del SNTE, Eloy L\u00f3pez Hern\u00e1ndez, se tomaron los acuerdos convenientes\npara dar paso al proceso pr\u00e1ctico de resoluci\u00f3n de las peticiones planteadas.<\/p>\n\n\n\n<p>En su intervenci\u00f3n, el director de\nPlaneaci\u00f3n y Control Presupuestal de la SEP, Ra\u00fal Chao Ornelas,&nbsp; afirm\u00f3 que siguiendo las instrucciones del Presidente\nde la Rep\u00fablica, Andr\u00e9s Manuel L\u00f3pez Obrador, se da seguimiento y resoluci\u00f3n a\nlas demandas planteadas por el magisterio oaxaque\u00f1o.<\/p>\n\n\n\n<p>Por su parte, el subdirector general\nEjecutivo del IEEPO, Rangel Bret\u00f3n indic\u00f3 que este es un paso muy importante\nante los trabajos que se han llevado a cabo previamente por indicaciones del\ngobernador Alejandro Murat Hinojosa, pues se avanza en el acompa\u00f1amiento que\nhan realizado las autoridades federales y estatales a las necesidades\nplanteadas por la Secci\u00f3n 22 del SNTE.<\/p>\n\n\n\n<p>Asimismo, el dirigente magisterial,\nasegur\u00f3 que para Oaxaca el tema de las incidencias administrativas es relevante\npues se trata de las necesidades del sector educativo, espec\u00edficamente aquellos\nprocesos que no fueron terminados durante los a\u00f1os previos.<\/p>\n\n\n\n<p>Mediante estas acciones el Gobierno de\nM\u00e9xico y el Gobierno de Oaxaca refrendan su compromiso con el magisterio\noaxaque\u00f1o, encontrando en el di\u00e1logo el canal adecuado para la resoluci\u00f3n de\nlas necesidades de Educaci\u00f3n B\u00e1sica en la entidad.<\/p>\n","protected":false},"excerpt":{"rendered":"<p>Redacci\u00f3n\/Zona Roja. Oaxaca de Ju\u00e1rez, Oax. 28 de enero de 2020.- La Secretar\u00eda de Educaci\u00f3n&hellip;<\/p>\n","protected":false},"author":2,"featured_media":8146,"comment_status":"closed","ping_status":"open","sticky":false,"template":"","format":"standard","meta":{"_lmt_disableupdate":"","_lmt_disable":"","_jetpack_memberships_contains_paid_content":false,"footnotes":""},"categories":[109,46],"tags":[599],"class_list":["post-8145","post","type-post","status-publish","format-standard","has-post-thumbnail","hentry","category-minuto-a-minuto","category-zona-blanca","tag-instituto-estatal-de-educacion-publica-de-oaxaca"],"jetpack_featured_media_url":"https:\/\/zonaroja.com.mx\/wp-content\/uploads\/2020\/01\/01-IEEPO-2-1.jpg","jetpack_sharing_enabled":true,"_links":{"self":[{"href":"https:\/\/zonaroja.com.mx\/index.php?rest_route=\/wp\/v2\/posts\/8145","targetHints":{"allow":["GET"]}}],"collection":[{"href":"https:\/\/zonaroja.com.mx\/index.php?rest_route=\/wp\/v2\/posts"}],"about":[{"href":"https:\/\/zonaroja.com.mx\/index.php?rest_route=\/wp\/v2\/types\/post"}],"author":[{"embeddable":true,"href":"https:\/\/zonaroja.com.mx\/index.php?rest_route=\/wp\/v2\/users\/2"}],"replies":[{"embeddable":true,"href":"https:\/\/zonaroja.com.mx\/index.php?rest_route=%2Fwp%2Fv2%2Fcomments&post=8145"}],"version-history":[{"count":1,"href":"https:\/\/zonaroja.com.mx\/index.php?rest_route=\/wp\/v2\/posts\/8145\/revisions"}],"predecessor-version":[{"id":8147,"href":"https:\/\/zonaroja.com.mx\/index.php?rest_route=\/wp\/v2\/posts\/8145\/revisions\/8147"}],"wp:featuredmedia":[{"embeddable":true,"href":"https:\/\/zonaroja.com.mx\/index.php?rest_route=\/wp\/v2\/media\/8146"}],"wp:attachment":[{"href":"https:\/\/zonaroja.com.mx\/index.php?rest_route=%2Fwp%2Fv2%2Fmedia&parent=8145"}],"wp:term":[{"taxonomy":"category","embeddable":true,"href":"https:\/\/zonaroja.com.mx\/index.php?rest_route=%2Fwp%2Fv2%2Fcategories&post=8145"},{"taxonomy":"post_tag","embeddable":true,"href":"https:\/\/zonaroja.com.mx\/index.php?rest_route=%2Fwp%2Fv2%2Ftags&post=8145"}],"curies":[{"name":"wp","href":"https:\/\/api.w.org\/{rel}","templated":true}]}}