{"id":81451,"date":"2025-06-17T11:58:00","date_gmt":"2025-06-17T17:58:00","guid":{"rendered":"https:\/\/zonaroja.com.mx\/?p=81451"},"modified":"2025-06-17T07:59:43","modified_gmt":"2025-06-17T13:59:43","slug":"auguran-justicia-con-rostro-indigena-en-proxima-suprema-corte","status":"publish","type":"post","link":"https:\/\/zonaroja.com.mx\/?p=81451","title":{"rendered":"Auguran justicia con rostro ind\u00edgena en pr\u00f3xima Suprema Corte"},"content":{"rendered":"\n<p>Redacci\u00f3n\/Zona Roja Cdmx.<\/p>\n\n\n\n<p>Ciudad de M\u00e9xico, a 17 de junio de 2025.- El senador oaxaque\u00f1o Antonino Morales felicit\u00f3 a las y los ministros electos que recibieron su constancia y afirm\u00f3 que con Hugo Aguilar, como presidente de la Suprema Corte de Justicia de la Naci\u00f3n, se avanza con paso firme hacia una justicia incluyente, cercana al pueblo y teniendo como referencia los valores comunitarios.<\/p>\n\n\n\n<p>\u201cComo resultado de un proceso electoral transparente y con la legitimidad de millones de votos, nuestros pueblos originarios tendr\u00e1n, por fin, un digno representante en el m\u00e1ximo tribunal del pa\u00eds. Con mucho orgullo felicito al maestro Hugo Aguilar Ortiz, nuevo Presidente de la Suprema Corte de Justicia de la Naci\u00f3n\u201d, expres\u00f3 el integrante de la Comisi\u00f3n de Derechos Humanos del Senado.<\/p>\n\n\n\n<p>Asever\u00f3 que el pr\u00f3ximo presidente de la SCJN es un defensor de los derechos humanos, principalmente, de los pueblos y comunidades ind\u00edgenas y cuenta con una trayectoria jur\u00eddica destacada.<\/p>\n\n\n\n<p>\u201cM\u00e1s de siglo y medio despu\u00e9s, un hijo de los pueblos originarios, esta vez de ra\u00edz mixteca, asume la m\u00e1s alta responsabilidad del Poder Judicial. Su elecci\u00f3n representa un paso firme hacia una justicia m\u00e1s incluyente, cercana al pueblo y con rostro ind\u00edgena\u201d, manifest\u00f3 el senador de origen zapoteco.<\/p>\n\n\n\n<p>Tambi\u00e9n felicit\u00f3 a las ministras y ministros que integrar\u00e1n la nueva Suprema Corte, como resultado de un proceso in\u00e9dito y profundamente democr\u00e1tico, donde la legitimidad nace del mandato popular y del ejercicio soberano del pueblo.<\/p>\n\n\n\n<p>Dijo que este avance trascendental garantizar\u00e1 igualdad en el acceso a la justicia pronta y expedita, \u201cesta Corte rendir\u00e1 cuentas al pueblo y deber\u00e1 actuar con transparencia, imparcialidad y compromiso social\u201d.<\/p>\n\n\n\n<p>\u201cConfiamos en su vocaci\u00f3n de servicio y en su convicci\u00f3n de hacer de la justicia un derecho real y accesible\u201d, anot\u00f3, al subrayar que todos tienen una amplia trayectoria profesional con la que har\u00e1n frente al reto hist\u00f3rico de impartir justicia pareja y no de intereses, como sucede hoy.<\/p>\n\n\n\n<p>El senador oaxaque\u00f1o coincidi\u00f3 con el ministro electo Aguilar Ortiz, en que esta Corte tiene el mandato del pueblo y por ello est\u00e1 obligada a desarrollar su trabajo con plena independencia y ser\u00e1 el inicio de la plena inclusi\u00f3n de los pueblos ind\u00edgenas y afromexicanos en la vida p\u00fablica del pa\u00eds.<\/p>\n\n\n\n<p>Finalmente, Morales Toledo desestim\u00f3 los intentos de la oposici\u00f3n por impugnar el proceso electoral, \u201cla oposici\u00f3n siempre descalifica los procesos democr\u00e1ticos que no le favorecen y rechaza el mandato popular, ese es el verdadero rostro del conservadurismo\u201d.<\/p>\n","protected":false},"excerpt":{"rendered":"<p>Redacci\u00f3n\/Zona Roja Cdmx. Ciudad de M\u00e9xico, a 17 de junio de 2025.- El senador oaxaque\u00f1o&hellip;<\/p>\n","protected":false},"author":2,"featured_media":81335,"comment_status":"closed","ping_status":"open","sticky":false,"template":"","format":"standard","meta":{"_lmt_disableupdate":"","_lmt_disable":"","_jetpack_memberships_contains_paid_content":false,"footnotes":""},"categories":[109,46],"tags":[180],"class_list":["post-81451","post","type-post","status-publish","format-standard","has-post-thumbnail","hentry","category-minuto-a-minuto","category-zona-blanca","tag-antonino-morales-toledo"],"jetpack_featured_media_url":"https:\/\/zonaroja.com.mx\/wp-content\/uploads\/2025\/06\/GtXsQ4qWMAA0ZFc.jpeg","jetpack_sharing_enabled":true,"_links":{"self":[{"href":"https:\/\/zonaroja.com.mx\/index.php?rest_route=\/wp\/v2\/posts\/81451","targetHints":{"allow":["GET"]}}],"collection":[{"href":"https:\/\/zonaroja.com.mx\/index.php?rest_route=\/wp\/v2\/posts"}],"about":[{"href":"https:\/\/zonaroja.com.mx\/index.php?rest_route=\/wp\/v2\/types\/post"}],"author":[{"embeddable":true,"href":"https:\/\/zonaroja.com.mx\/index.php?rest_route=\/wp\/v2\/users\/2"}],"replies":[{"embeddable":true,"href":"https:\/\/zonaroja.com.mx\/index.php?rest_route=%2Fwp%2Fv2%2Fcomments&post=81451"}],"version-history":[{"count":1,"href":"https:\/\/zonaroja.com.mx\/index.php?rest_route=\/wp\/v2\/posts\/81451\/revisions"}],"predecessor-version":[{"id":81452,"href":"https:\/\/zonaroja.com.mx\/index.php?rest_route=\/wp\/v2\/posts\/81451\/revisions\/81452"}],"wp:featuredmedia":[{"embeddable":true,"href":"https:\/\/zonaroja.com.mx\/index.php?rest_route=\/wp\/v2\/media\/81335"}],"wp:attachment":[{"href":"https:\/\/zonaroja.com.mx\/index.php?rest_route=%2Fwp%2Fv2%2Fmedia&parent=81451"}],"wp:term":[{"taxonomy":"category","embeddable":true,"href":"https:\/\/zonaroja.com.mx\/index.php?rest_route=%2Fwp%2Fv2%2Fcategories&post=81451"},{"taxonomy":"post_tag","embeddable":true,"href":"https:\/\/zonaroja.com.mx\/index.php?rest_route=%2Fwp%2Fv2%2Ftags&post=81451"}],"curies":[{"name":"wp","href":"https:\/\/api.w.org\/{rel}","templated":true}]}}