{"id":81455,"date":"2025-06-17T13:01:00","date_gmt":"2025-06-17T19:01:00","guid":{"rendered":"https:\/\/zonaroja.com.mx\/?p=81455"},"modified":"2025-06-17T08:04:23","modified_gmt":"2025-06-17T14:04:23","slug":"otro-gobernante-de-morena-contra-la-libertad-de-expresion","status":"publish","type":"post","link":"https:\/\/zonaroja.com.mx\/?p=81455","title":{"rendered":"Otro gobernante de Morena contra la libertad de expresi\u00f3n\u00a0"},"content":{"rendered":"\n<p>Redacci\u00f3n\/Zona Roja Cdmx.<\/p>\n\n\n\n<p>Ciudad de M\u00e9xico, a 17 de junio de 2025.- Jorge Gonz\u00e1lez, exdirector del diario \u00abTribuna\u00bb en Campeche, fue vinculado a proceso por delitos de incitaci\u00f3n al odio contra la gobernadora Layda Sansores. El periodista explic\u00f3 que la funcionaria ha hostigado a los reporteros desde que asumi\u00f3 su cargo.<\/p>\n\n\n\n<p>Gonz\u00e1lez fue vinculado a proceso por incitaci\u00f3n al odio y a la violencia contra la gobernadora Layda Sansores en una determinaci\u00f3n el viernes pasado. Explic\u00f3 que \u00e9l se jubil\u00f3 del peri\u00f3dico hace siete a\u00f1os, sin embargo, contin\u00faa sus labores con un programa.<\/p>\n\n\n\n<p>Debido a esta acusaci\u00f3n, la jueza Guadalupe Mart\u00ednez Taboada determin\u00f3 que el periodista debe cerrar su plataforma y tiene prohibido ejercer el periodismo. No obstante, en entrevista radiof\u00f3nica aclar\u00f3 que \u00e9l ya se jubil\u00f3 y no tiene un peri\u00f3dico.<\/p>\n\n\n\n<p>En una entrevista, Layda Sansores se refiri\u00f3 a Jorge Gonz\u00e1lez como \u201cDon Pira\u00f1a\u201d y dijo que hab\u00eda recibido por su parte ataques mis\u00f3ginos, luego de que el periodista en su programa pidiera que la gobernadora explicara un tema de supuestos actos de corrupci\u00f3n en el DIF estatal.<\/p>\n\n\n\n<p>\u201cLa gobernadora desde que entr\u00f3 al poder viene hostigando a todos los periodistas. Y te planteo, cuando lleg\u00f3 al gobierno hab\u00eda en Campeche cinco medios de comunicaci\u00f3n, cinco peri\u00f3dicos, ahorita no existe ninguno, bueno, ni peri\u00f3dico digital. Y me atribuye la direcci\u00f3n de una plataforma que no tengo capacidad tecnol\u00f3gica (para ello)\u201d, expuso Jorge Gonz\u00e1lez en una entrevista con Azucena Uresti.<\/p>\n\n\n\n<p>La jueza orden\u00f3 el cierre del Diario Tribuna, donde Jorge Gonz\u00e1lez fue director hace varios a\u00f1os.<\/p>\n\n\n\n<p>El periodista explic\u00f3 que cuenta con una participaci\u00f3n en un programa televisivo, el cual ya ha sido pausado \u201cen raz\u00f3n del asedio\u201d del gobierno estatal.<\/p>\n\n\n\n<p>\u201cEl 9 de abril despleg\u00f3 un operativo para detenerme (&#8230;)Hacen un despliegue brutal de abuso de autoridad, me esposan, me golpean, me llevan a la Fiscal\u00eda, ah\u00ed el m\u00e9dico de guardia no acepta que ingrese por las heridas, me lastimaron (\u2026) y de ah\u00ed me conducen al hospital\u201d, explic\u00f3 el periodista.<\/p>\n\n\n\n<p>La MP lo sac\u00f3 del hospital y lo llev\u00f3 a una celda sin cama, donde estuvo detenido 48 horas.<\/p>\n\n\n\n<p>Jorge Gonz\u00e1lez dijo en la entrevista que planea defenderse porque no quiere irse de Campeche.<\/p>\n\n\n\n<p>(Informaci\u00f3n de \u201cEl Financiero\u201d)<\/p>\n","protected":false},"excerpt":{"rendered":"<p>Redacci\u00f3n\/Zona Roja Cdmx. Ciudad de M\u00e9xico, a 17 de junio de 2025.- Jorge Gonz\u00e1lez, exdirector&hellip;<\/p>\n","protected":false},"author":2,"featured_media":81456,"comment_status":"closed","ping_status":"open","sticky":false,"template":"","format":"standard","meta":{"_lmt_disableupdate":"","_lmt_disable":"","_jetpack_memberships_contains_paid_content":false,"footnotes":""},"categories":[109,47],"tags":[3430],"class_list":["post-81455","post","type-post","status-publish","format-standard","has-post-thumbnail","hentry","category-minuto-a-minuto","category-zona-gris","tag-layda-sansores-campeche"],"jetpack_featured_media_url":"https:\/\/zonaroja.com.mx\/wp-content\/uploads\/2025\/06\/Layda-Sansores-Jorge-Gonzalez.webp","jetpack_sharing_enabled":true,"_links":{"self":[{"href":"https:\/\/zonaroja.com.mx\/index.php?rest_route=\/wp\/v2\/posts\/81455","targetHints":{"allow":["GET"]}}],"collection":[{"href":"https:\/\/zonaroja.com.mx\/index.php?rest_route=\/wp\/v2\/posts"}],"about":[{"href":"https:\/\/zonaroja.com.mx\/index.php?rest_route=\/wp\/v2\/types\/post"}],"author":[{"embeddable":true,"href":"https:\/\/zonaroja.com.mx\/index.php?rest_route=\/wp\/v2\/users\/2"}],"replies":[{"embeddable":true,"href":"https:\/\/zonaroja.com.mx\/index.php?rest_route=%2Fwp%2Fv2%2Fcomments&post=81455"}],"version-history":[{"count":1,"href":"https:\/\/zonaroja.com.mx\/index.php?rest_route=\/wp\/v2\/posts\/81455\/revisions"}],"predecessor-version":[{"id":81457,"href":"https:\/\/zonaroja.com.mx\/index.php?rest_route=\/wp\/v2\/posts\/81455\/revisions\/81457"}],"wp:featuredmedia":[{"embeddable":true,"href":"https:\/\/zonaroja.com.mx\/index.php?rest_route=\/wp\/v2\/media\/81456"}],"wp:attachment":[{"href":"https:\/\/zonaroja.com.mx\/index.php?rest_route=%2Fwp%2Fv2%2Fmedia&parent=81455"}],"wp:term":[{"taxonomy":"category","embeddable":true,"href":"https:\/\/zonaroja.com.mx\/index.php?rest_route=%2Fwp%2Fv2%2Fcategories&post=81455"},{"taxonomy":"post_tag","embeddable":true,"href":"https:\/\/zonaroja.com.mx\/index.php?rest_route=%2Fwp%2Fv2%2Ftags&post=81455"}],"curies":[{"name":"wp","href":"https:\/\/api.w.org\/{rel}","templated":true}]}}