{"id":81462,"date":"2025-06-17T08:21:05","date_gmt":"2025-06-17T14:21:05","guid":{"rendered":"https:\/\/zonaroja.com.mx\/?p=81462"},"modified":"2025-06-17T08:21:09","modified_gmt":"2025-06-17T14:21:09","slug":"opinion-hacer-o-no-politica-en-redes","status":"publish","type":"post","link":"https:\/\/zonaroja.com.mx\/?p=81462","title":{"rendered":"Opini\u00f3n. Hacer o no pol\u00edtica\u2026 en redes"},"content":{"rendered":"\n<p>Isidoro Yescas*<\/p>\n\n\n\n<p>En el contexto de la fr\u00e1gil relaci\u00f3n que el gobierno mexicano mantiene con el gobierno&nbsp;trumpista&nbsp;de los Estados Unidos, la&nbsp;inesperada respuesta de Christopher Landau, Secretario de Estado del gobierno de los Estados Unidos a un \u201cvulgar posteo\u201d&nbsp;(a&nbsp;prop\u00f3sito del control de visas) de&nbsp;una iracunda&nbsp;consejera de Jalisco, abri\u00f3 la puerta a un exhorto presidencial a la militancia de Morena, y de toda la 4t, para dejar de hacer pol\u00edtica en redes.&nbsp;<\/p>\n\n\n\n<p>En una de sus Ma\u00f1aneras, la presidenta&nbsp;Claudia Sheinbaum dijo: \u201cHay que dejar de hacer pol\u00edtica en la red X. Lo importante es el contacto con la gente\u201d.<\/p>\n\n\n\n<p>Si la xenofobia y las prisas del presidente Donald Trump para hacer pol\u00edtica electorera con&nbsp;el tema de las redadas de migrantes no se hubiera convertido en un problema de abierta violaci\u00f3n a los derechos humanos de miles de connacionales que radican en Los&nbsp;Angeles&nbsp;y otras ciudades de los Estados&nbsp;Unidos, es probable que el &nbsp;exhorto presidencial para no hacer pol\u00edtica en redes se hubiese perdido en un posicionamiento meramente coyuntural.&nbsp;<\/p>\n\n\n\n<p>No fue ni es as\u00ed&nbsp;porque &nbsp;la&nbsp;feroz persecuci\u00f3n y represi\u00f3n &nbsp;en contra de miles de migrantes mexicanos y de otras nacionalidades cobr\u00f3 tanta fuerza letal que parec\u00eda obligado que desde el gobierno federal y los gobiernos de los estados afines a la 4t, &nbsp;y toda la estructura de Morena y partidos aliados, alzaran la voz y salieran en defensa de nuestros paisanos. Y,&nbsp;es&nbsp;cierto,&nbsp;se&nbsp;protest\u00f3,&nbsp;pero con demasiada cautela&nbsp;para no provocar la ira de Trump,&nbsp;al grado que&nbsp;un mitin que senadores de Morena hab\u00eda programado frente a la embajada de los Estados Unidos en la ciudad de M\u00e9xico tuvo que suspenderse por orden presidencial.<\/p>\n\n\n\n<p>Y el no a la movilizaci\u00f3n&nbsp;desde el&nbsp;poder,&nbsp;a&nbsp;la arenga p\u00fablica (el ADN del&nbsp;morenismo) se sum\u00f3 al &nbsp;no hacer pol\u00edtica en redes.&nbsp;<\/p>\n\n\n\n<p>Esa cautela, que puede interpretarse tambi\u00e9n como repliegue t\u00e1ctico, para usar la expresi\u00f3n magisterial cuando de dar un paso atr\u00e1s se trata, tiene su explicaci\u00f3n en los falsos se\u00f1alamientos que desde la Casa Blanca se hicieran en contra de la presidenta Sheinbaum al&nbsp;acusarla de instigar los actos de provocaci\u00f3n y violencia que en la primera semana de protestas se registraron en Los&nbsp;Angeles.<\/p>\n\n\n\n<p>Y llegamos as\u00ed al s\u00e1bado 14 de junio, fecha que en m\u00e1s de 50 ciudades de los Estados&nbsp;Unidos&nbsp;se&nbsp;registraron masivas&nbsp;movilizaciones ciudadanas para repudiar la pol\u00edtica migratoria del&nbsp;trumpismo. Y tambi\u00e9n en algunas ciudades mexicanas como la ciudad de M\u00e9xico y Oaxaca, pero convocados por militantes y simpatizantes del Partido Dem\u00f3crata.&nbsp;<\/p>\n\n\n\n<p>La cautela, la&nbsp;prudencia &nbsp;y&nbsp;hasta el temor a convocar a una marcha o manifestaci\u00f3n pac\u00edfica que pudiera salirse de control &nbsp;por parte de la 4t abri\u00f3 un gran boquete a la protesta de mexicanos y mexicanas.&nbsp;<\/p>\n\n\n\n<p>Hasta ahora han sido escasos los sectores sociales y pol\u00edticos que se han movilizado en el pa\u00eds para repudiar la represi\u00f3n&nbsp;trumpista. No ocurre lo mismo en redes en donde abundan las expresiones de apoyo a los migrantes y de rechazo total al autoritarismo y abuso de poder del gobierno&nbsp;norteamericano.Sin&nbsp;embargo, despu\u00e9s del amago&nbsp;trumpista&nbsp;hacia el gobierno mexicano lo que ha prevalecido en las filas de la 4t ha sido&nbsp;la baja intensidad en las expresiones de sus l\u00edderes y autoridades.&nbsp;<\/p>\n\n\n\n<p>\u00bfHacer no hacer pol\u00edtica en redes? S\u00ed, pero sin caer en el insulto y el \u201cvulgar posteo\u201d como el que gener\u00f3 la respuesta de un&nbsp;Secretario&nbsp;de Estado. Frente a las agresiones, encarcelamientos y abiertas violaciones a los derechos humanos de nuestros paisanos migrantes hay que seguir alzando la voz y exigir respeto a su derecho que por&nbsp;d\u00e9cadas se han ganado para vivir fuera de su pa\u00eds. No hay de otra.&nbsp;<\/p>\n\n\n\n<p>*Maestro en Sociolog\u00eda y periodista.<\/p>\n\n\n\n<p>X:@YescasIsidoro &nbsp; &nbsp; &nbsp; &nbsp; &nbsp; &nbsp; &nbsp; &nbsp; &nbsp;&nbsp;<\/p>\n","protected":false},"excerpt":{"rendered":"<p>Isidoro Yescas* En el contexto de la fr\u00e1gil relaci\u00f3n que el gobierno mexicano mantiene con&hellip;<\/p>\n","protected":false},"author":2,"featured_media":78328,"comment_status":"closed","ping_status":"open","sticky":false,"template":"","format":"standard","meta":{"_lmt_disableupdate":"","_lmt_disable":"","_jetpack_memberships_contains_paid_content":false,"footnotes":""},"categories":[456,109],"tags":[3998],"class_list":["post-81462","post","type-post","status-publish","format-standard","has-post-thumbnail","hentry","category-columna","category-minuto-a-minuto","tag-isidoro-yescas-martinez"],"jetpack_featured_media_url":"https:\/\/zonaroja.com.mx\/wp-content\/uploads\/2025\/03\/Isidoro-Yescas-Martinez.jpg","jetpack_sharing_enabled":true,"_links":{"self":[{"href":"https:\/\/zonaroja.com.mx\/index.php?rest_route=\/wp\/v2\/posts\/81462","targetHints":{"allow":["GET"]}}],"collection":[{"href":"https:\/\/zonaroja.com.mx\/index.php?rest_route=\/wp\/v2\/posts"}],"about":[{"href":"https:\/\/zonaroja.com.mx\/index.php?rest_route=\/wp\/v2\/types\/post"}],"author":[{"embeddable":true,"href":"https:\/\/zonaroja.com.mx\/index.php?rest_route=\/wp\/v2\/users\/2"}],"replies":[{"embeddable":true,"href":"https:\/\/zonaroja.com.mx\/index.php?rest_route=%2Fwp%2Fv2%2Fcomments&post=81462"}],"version-history":[{"count":1,"href":"https:\/\/zonaroja.com.mx\/index.php?rest_route=\/wp\/v2\/posts\/81462\/revisions"}],"predecessor-version":[{"id":81463,"href":"https:\/\/zonaroja.com.mx\/index.php?rest_route=\/wp\/v2\/posts\/81462\/revisions\/81463"}],"wp:featuredmedia":[{"embeddable":true,"href":"https:\/\/zonaroja.com.mx\/index.php?rest_route=\/wp\/v2\/media\/78328"}],"wp:attachment":[{"href":"https:\/\/zonaroja.com.mx\/index.php?rest_route=%2Fwp%2Fv2%2Fmedia&parent=81462"}],"wp:term":[{"taxonomy":"category","embeddable":true,"href":"https:\/\/zonaroja.com.mx\/index.php?rest_route=%2Fwp%2Fv2%2Fcategories&post=81462"},{"taxonomy":"post_tag","embeddable":true,"href":"https:\/\/zonaroja.com.mx\/index.php?rest_route=%2Fwp%2Fv2%2Ftags&post=81462"}],"curies":[{"name":"wp","href":"https:\/\/api.w.org\/{rel}","templated":true}]}}