{"id":81467,"date":"2025-06-17T20:12:33","date_gmt":"2025-06-18T02:12:33","guid":{"rendered":"https:\/\/zonaroja.com.mx\/?p=81467"},"modified":"2025-06-17T20:12:35","modified_gmt":"2025-06-18T02:12:35","slug":"detienen-en-oaxaca-a-individuo-con-armas-chaleco-y-drogas","status":"publish","type":"post","link":"https:\/\/zonaroja.com.mx\/?p=81467","title":{"rendered":"Detienen en Oaxaca a individuo con armas, chaleco y drogas"},"content":{"rendered":"\n<p>Redacci\u00f3n\/Zona Roja.&nbsp;<\/p>\n\n\n\n<p>Oaxaca, Oax., a&nbsp; 17 de junio de 2025.- Una persona del sexo masculino, identificada como J.J.L.G., fue detenida por el delito de portaci\u00f3n de arma de fuego, hechos ocurridos en la regi\u00f3n de los Valles Centrales.<\/p>\n\n\n\n<p>La Fiscal\u00eda General del Estado de Oaxaca inform\u00f3 que la acci\u00f3n tuvo el apoyo de la polic\u00eda municipal de San Lorenzo Cacaotepec y ocurri\u00f3 cuando llevaban a cabo recorridos de seguridad sobre calles de dicha municipalidad.<\/p>\n\n\n\n<p>Ah\u00ed se percataron de la actitud sospechosa de una persona que conduc\u00eda un veh\u00edculo de motor que, al solicitarle se detuviera, emprendi\u00f3 la huida, por lo que, con apoyo de los elementos municipales, fue interceptado y sometido a una revisi\u00f3n.<\/p>\n\n\n\n<p>Durante la inspecci\u00f3n, los agentes hallaron entre sus pertenencias diversos tipos de armas de fuego, as\u00ed como cartuchos \u00fatiles, adem\u00e1s de un chaleco bal\u00edstico y bolsas de drogas, por lo que procedieron a su detenci\u00f3n y junto con los objetos asegurados, fue puesto a disposici\u00f3n del Ministerio P\u00fablico de la Vicefiscal\u00eda General de Control Regional.<\/p>\n\n\n\n<p>Una vez capturados sus datos y verificados en el sistema de detenciones, J.J.L.G. contaba con una orden de aprehensi\u00f3n por el delito de robo con violencia cometido en el estado de Aguascalientes.<\/p>\n\n\n\n<p>La Fiscal\u00eda de Oaxaca reitera su compromiso de investigar en forma integral los delitos de alto impacto, con el prop\u00f3sito de garantizar las condiciones \u00f3ptimas de seguridad y procuraci\u00f3n de justicia para las ocho regiones de la entidad.<\/p>\n","protected":false},"excerpt":{"rendered":"<p>Redacci\u00f3n\/Zona Roja.&nbsp; Oaxaca, Oax., a&nbsp; 17 de junio de 2025.- Una persona del sexo masculino,&hellip;<\/p>\n","protected":false},"author":2,"featured_media":81468,"comment_status":"closed","ping_status":"open","sticky":false,"template":"","format":"standard","meta":{"_lmt_disableupdate":"","_lmt_disable":"","_jetpack_memberships_contains_paid_content":false,"footnotes":""},"categories":[109,46],"tags":[494],"class_list":["post-81467","post","type-post","status-publish","format-standard","has-post-thumbnail","hentry","category-minuto-a-minuto","category-zona-blanca","tag-fiscalia-general-del-estado-de-oaxaca"],"jetpack_featured_media_url":"https:\/\/zonaroja.com.mx\/wp-content\/uploads\/2025\/06\/BOLETIN-1540.-Fiscalia-de-Oaxaca-y-Policia-Municipal-detiene-a-una-persona-con-varias-armas-de-fuego-chaleco-antibalas-y-drogas-circulaba-en-calles-del-Valle-de-Etla3.jpeg","jetpack_sharing_enabled":true,"_links":{"self":[{"href":"https:\/\/zonaroja.com.mx\/index.php?rest_route=\/wp\/v2\/posts\/81467","targetHints":{"allow":["GET"]}}],"collection":[{"href":"https:\/\/zonaroja.com.mx\/index.php?rest_route=\/wp\/v2\/posts"}],"about":[{"href":"https:\/\/zonaroja.com.mx\/index.php?rest_route=\/wp\/v2\/types\/post"}],"author":[{"embeddable":true,"href":"https:\/\/zonaroja.com.mx\/index.php?rest_route=\/wp\/v2\/users\/2"}],"replies":[{"embeddable":true,"href":"https:\/\/zonaroja.com.mx\/index.php?rest_route=%2Fwp%2Fv2%2Fcomments&post=81467"}],"version-history":[{"count":1,"href":"https:\/\/zonaroja.com.mx\/index.php?rest_route=\/wp\/v2\/posts\/81467\/revisions"}],"predecessor-version":[{"id":81469,"href":"https:\/\/zonaroja.com.mx\/index.php?rest_route=\/wp\/v2\/posts\/81467\/revisions\/81469"}],"wp:featuredmedia":[{"embeddable":true,"href":"https:\/\/zonaroja.com.mx\/index.php?rest_route=\/wp\/v2\/media\/81468"}],"wp:attachment":[{"href":"https:\/\/zonaroja.com.mx\/index.php?rest_route=%2Fwp%2Fv2%2Fmedia&parent=81467"}],"wp:term":[{"taxonomy":"category","embeddable":true,"href":"https:\/\/zonaroja.com.mx\/index.php?rest_route=%2Fwp%2Fv2%2Fcategories&post=81467"},{"taxonomy":"post_tag","embeddable":true,"href":"https:\/\/zonaroja.com.mx\/index.php?rest_route=%2Fwp%2Fv2%2Ftags&post=81467"}],"curies":[{"name":"wp","href":"https:\/\/api.w.org\/{rel}","templated":true}]}}