{"id":81476,"date":"2025-06-18T07:15:00","date_gmt":"2025-06-18T13:15:00","guid":{"rendered":"https:\/\/zonaroja.com.mx\/?p=81476"},"modified":"2025-06-18T06:28:42","modified_gmt":"2025-06-18T12:28:42","slug":"en-llamada-con-trump-se-logro-acuerdo-global-claudia-sheinbaum","status":"publish","type":"post","link":"https:\/\/zonaroja.com.mx\/?p=81476","title":{"rendered":"En llamada con Trump se logr\u00f3 acuerdo global: Claudia Sheinbaum"},"content":{"rendered":"\n<p>Redacci\u00f3n\/Zona Roja Cdmx.<\/p>\n\n\n\n<p>Ciudad de M\u00e9xico, a 18 de junio de 2025.- La Presidenta Claudia Sheinbaum tuvo una llamada telef\u00f3nica con su hom\u00f3logo de Estados Unidos, Donald Trump, con quien este martes ten\u00eda programada su primera reuni\u00f3n personal en Canad\u00e1 en el marco de la cumbre del G7, la cual no se concret\u00f3 porque el republicano cancel\u00f3 su agenda para regresar a la naci\u00f3n estadunidense.<\/p>\n\n\n\n<p>A trav\u00e9s de su cuenta de X, antes Twitter, la presidenta Sheinbaum dio a conocer que tuvo una \u00abbuena conversaci\u00f3n telef\u00f3nica\u00bb con Trump, quien le inform\u00f3 que ayer sali\u00f3 de emergencia de la cumbre que se desarrolla en Canad\u00e1 debido a la situaci\u00f3n en Medio Oriente, con el conflicto entre Israel e Ir\u00e1n, naciones que se han venido atacando desde el fin de semana.<\/p>\n\n\n\n<p>De acuerdo con Sheinbaum, en la conversaci\u00f3n con el presidente estadunidense ambos coincidieron en trabajar juntos para \u00abllegar pronto a un acuerdo\u00bb en diversos temas que les preocupan;&nbsp;entre ellos la migraci\u00f3n, la seguridad y el comercio, en espec\u00edfico los aranceles al acero y al aluminio que impuso Trump inicialmente en 25% y que despu\u00e9s aument\u00f3 al 50%.<\/p>\n\n\n\n<p>Al finalizar la cumbre y estar en el Aeropuerto&nbsp; Internacional de Calgary para su retorno a M\u00e9xico, la mandataria mexicana fue consultada por los medios de comunicaci\u00f3n sobre la llamada telef\u00f3nica con Donald Trump.<\/p>\n\n\n\n<p>Al respecto, calific\u00f3 la comunicaci\u00f3n como \u00abuna muy buena llamada en la que se acord\u00f3 llegar a un acuerdo global\u00bb y que los detalles los dar\u00e1 en su conferencia matutina.<\/p>\n\n\n\n<p>Claudia Sheinbaum indic\u00f3 que la conversaci\u00f3n dur\u00f3 15 minutos, y sin precisar si se acord\u00f3 una nueva fecha para reunirse, \u00abs\u00ed se avanz\u00f3 mucho\u00bb.<\/p>\n\n\n\n<p>En su participaci\u00f3n la plenaria del G7, la presidenta de M\u00e9xico inform\u00f3 que habl\u00f3 sobre la paz, la importancia de la prosperidad compartida y una menci\u00f3n a los mexicanos en Estados Unidos.<\/p>\n\n\n\n<p>La presidenta Claudia Sheinbaum viaj\u00f3 el lunes en la madrugada hacia Canad\u00e1 para participar en la cumbre le G7, a donde fue invitada por el primer ministro&nbsp;Mark Carney, con quien tiene programada una reuni\u00f3n bilateral.<\/p>\n\n\n\n<p>\u00abParticipo en la Cumbre del G7 en Canad\u00e1 como representante de un pueblo digno y orgulloso que ama su historia, su cultura, y que se ha caracterizado por ser promotor de la paz\u00bb, destac\u00f3 la presidenta.<\/p>\n\n\n\n<p>Como parte de su agenda en Canad\u00e1, Sheinbaum se reuni\u00f3 con el primer ministro de India,&nbsp;Narendra Modi, con quien habl\u00f3 sobre&nbsp;las v\u00edas para profundizar la cooperaci\u00f3n entre ambas naciones en comercio, productos farmac\u00e9uticos, ciencia y tecnolog\u00eda, innovaci\u00f3n digital y compartieron perspectivas sobre temas globales y regionales clave, incluyendo las prioridades del Sur Global.<\/p>\n\n\n\n<p>La agenda de Sheinbaum continu\u00f3 con su participaci\u00f3n en la reuni\u00f3n plenaria de la cumbre del G7 en la que participar\u00e1n todos los jefes de Estado y m\u00e1s tarde se reunir\u00e1&nbsp;con el canciller de Alemania, Friedrich Merz; y cerrar\u00e1 con un encuentro con el primer ministro de Canad\u00e1, Mark Carney.<\/p>\n\n\n\n<p>(Informaci\u00f3n de \u201cExc\u00e9lsior\u201d)<\/p>\n","protected":false},"excerpt":{"rendered":"<p>Redacci\u00f3n\/Zona Roja Cdmx. Ciudad de M\u00e9xico, a 18 de junio de 2025.- La Presidenta Claudia&hellip;<\/p>\n","protected":false},"author":2,"featured_media":77154,"comment_status":"closed","ping_status":"open","sticky":false,"template":"","format":"standard","meta":{"_lmt_disableupdate":"","_lmt_disable":"","_jetpack_memberships_contains_paid_content":false,"footnotes":""},"categories":[109,46],"tags":[3370],"class_list":["post-81476","post","type-post","status-publish","format-standard","has-post-thumbnail","hentry","category-minuto-a-minuto","category-zona-blanca","tag-claudia-sheinbaum"],"jetpack_featured_media_url":"https:\/\/zonaroja.com.mx\/wp-content\/uploads\/2025\/02\/Donald-Trump-y-claudia-Sheinbaum.jpg","jetpack_sharing_enabled":true,"_links":{"self":[{"href":"https:\/\/zonaroja.com.mx\/index.php?rest_route=\/wp\/v2\/posts\/81476","targetHints":{"allow":["GET"]}}],"collection":[{"href":"https:\/\/zonaroja.com.mx\/index.php?rest_route=\/wp\/v2\/posts"}],"about":[{"href":"https:\/\/zonaroja.com.mx\/index.php?rest_route=\/wp\/v2\/types\/post"}],"author":[{"embeddable":true,"href":"https:\/\/zonaroja.com.mx\/index.php?rest_route=\/wp\/v2\/users\/2"}],"replies":[{"embeddable":true,"href":"https:\/\/zonaroja.com.mx\/index.php?rest_route=%2Fwp%2Fv2%2Fcomments&post=81476"}],"version-history":[{"count":1,"href":"https:\/\/zonaroja.com.mx\/index.php?rest_route=\/wp\/v2\/posts\/81476\/revisions"}],"predecessor-version":[{"id":81477,"href":"https:\/\/zonaroja.com.mx\/index.php?rest_route=\/wp\/v2\/posts\/81476\/revisions\/81477"}],"wp:featuredmedia":[{"embeddable":true,"href":"https:\/\/zonaroja.com.mx\/index.php?rest_route=\/wp\/v2\/media\/77154"}],"wp:attachment":[{"href":"https:\/\/zonaroja.com.mx\/index.php?rest_route=%2Fwp%2Fv2%2Fmedia&parent=81476"}],"wp:term":[{"taxonomy":"category","embeddable":true,"href":"https:\/\/zonaroja.com.mx\/index.php?rest_route=%2Fwp%2Fv2%2Fcategories&post=81476"},{"taxonomy":"post_tag","embeddable":true,"href":"https:\/\/zonaroja.com.mx\/index.php?rest_route=%2Fwp%2Fv2%2Ftags&post=81476"}],"curies":[{"name":"wp","href":"https:\/\/api.w.org\/{rel}","templated":true}]}}