{"id":81478,"date":"2025-06-18T09:00:00","date_gmt":"2025-06-18T15:00:00","guid":{"rendered":"https:\/\/zonaroja.com.mx\/?p=81478"},"modified":"2025-06-18T06:54:37","modified_gmt":"2025-06-18T12:54:37","slug":"con-operativo-tensa-calma-en-juchitan-afectada-en-oxxo-clama-ayuda","status":"publish","type":"post","link":"https:\/\/zonaroja.com.mx\/?p=81478","title":{"rendered":"Con operativo, tensa calma en Juchit\u00e1n; afectada en Oxxo clama ayuda"},"content":{"rendered":"\n<p>Ismael Garc\u00eda M.\/Zona Roja.<\/p>\n\n\n\n<p>Oaxaca, Oax., a 18 de junio de 2025.- Juchit\u00e1n de Zaragoza vivi\u00f3 una tensa calma este martes, tras el incendio de dos tiendas Oxxo y extorsiones a transportistas de pasaje, que pararon labores temporalmente, as\u00ed como la suspensi\u00f3n de clases.<\/p>\n\n\n\n<p>En las \u00faltimas horas no se han reportado incidentes violentos y ayer por la noche comenzaron a circular patrullas de las polic\u00edas municipal, Estatal, de la Guardia Nacional y de la Secretar\u00eda de Marina, a fin de desalentar a la delincuencia.<\/p>\n\n\n\n<p>CLAMA SEGURIDAD<\/p>\n\n\n\n<p>La poeta y escritora Natalia Toledo, hija de Francisco Toledo y originaria de dicho municipio, lament\u00f3 ayer a trav\u00e9s de su perfil en Facebook, la situaci\u00f3n:<\/p>\n\n\n\n<p>\u201cHace poco fui a Juchit\u00e1n, dir\u00eda que por compromiso, pero no, fui porque mi coraz\u00f3n ya no aguantaba m\u00e1s en este exilio obligado por la violencia.&nbsp;<\/p>\n\n\n\n<p>\u201cEn cuanto atraves\u00e9 la l\u00ednea, que no se ve pero se siente cuando recibes ese calor \u00fanico, empec\u00e9 a sonre\u00edr, porque hab\u00eda llegado a mi lugar favorito en el mundo.&nbsp;<\/p>\n\n\n\n<p>\u201cMi cuerpo tiene memoria, de aqu\u00ed soy, aqu\u00ed he sido muy feliz y aqu\u00ed quiero que me entierren. Esos pocos d\u00edas que estuve, volv\u00ed a sentirme en confianza, me sub\u00ed a los mototaxis, olvid\u00e9 todas las recomendaciones de seguridad que me dan mis amigos de all\u00e1 y de aqu\u00ed.&nbsp;<\/p>\n\n\n\n<p>\u201cNo deber\u00eda sentirme amenazada en el pueblo que me vio nacer; de aqu\u00ed es todo lo que soy. La gente en su mayor\u00eda, es buena y trabajadora. Pero me han contado que hoy, hasta a las se\u00f1oras que venden en el mercado les piden cuota. \u00a1\u00bfQue no ven que apenas si ganan para comer con sus hijos al d\u00eda?!<\/p>\n\n\n\n<p>\u201cHoy Juchit\u00e1n pende de un&nbsp; hilo, muertos todos los d\u00edas, levantones, chavos hasta el full de cristal y alcohol. Ingobernable. Cuando platicas con las autoridades del estado y les dices esto, simplemente te ignoran o te dejan de hablar, como si no fuera su obligaci\u00f3n darnos esa seguridad,. Necesitamos buscar una soluci\u00f3n entre todos. Juchit\u00e1n es un pueblo heroico, un\u00e1monos para combatir la delincuencia, venga de donde venga\u201d.<\/p>\n\n\n\n<p>V\u00cdCTIMA DESATENDIDA<\/p>\n\n\n\n<p>En tanto, la se\u00f1ora Elizabeth Orozco, madre de una de las j\u00f3venes afectadas f\u00edsicamente el pasado lunes por el incendio a una tienda Oxxo, en la Octava Secci\u00f3n Cheguigo, clam\u00f3 ayuda, pues tiene quemaduras graves.<\/p>\n\n\n\n<p>Requiere con urgencia ser trasladada a un hospital especializado en Puebla y otro lugar, para ser intervenida de inmediato.<\/p>\n\n\n\n<p>\u201cMi hija estaba trabajando\u2026 es una ni\u00f1a bonita, alegre, con sue\u00f1os\u2026 y ahora, despu\u00e9s de esto, no sabemos qu\u00e9 va a pasar\u2026\u201d, dijo entre l\u00e1grimas do\u00f1a Elizabeth a medios informativos de la regi\u00f3n.<\/p>\n\n\n\n<p>A pesar de la gravedad de sus lesiones, en el IMSS de Salina Cruz le han puesto trabas para su traslado. Aunado a ella, la familia no cuenta con recuerdos econ\u00f3micos para con recursos econ\u00f3micos para efectuar el traslado; presuntamente la tienda Oxxo hasta el momento no ha otorgado el apoyo necesario.<\/p>\n\n\n\n<p>En tanto, el ayuntamiento de Juchit\u00e1n, que preside Miguel S\u00e1nchez Altamirano, del Partido Morena, demand\u00f3 apoyo federal y estatal para reforzar la seguridad; sin embargo, no detall\u00f3 qu\u00e9 acciones municipales se emprenden para garantizar la tranquilidad en dicho municipio de la regi\u00f3n del Istmo.<\/p>\n","protected":false},"excerpt":{"rendered":"<p>Ismael Garc\u00eda M.\/Zona Roja. Oaxaca, Oax., a 18 de junio de 2025.- Juchit\u00e1n de Zaragoza&hellip;<\/p>\n","protected":false},"author":2,"featured_media":81479,"comment_status":"closed","ping_status":"open","sticky":false,"template":"","format":"standard","meta":{"_lmt_disableupdate":"","_lmt_disable":"","_jetpack_memberships_contains_paid_content":false,"footnotes":""},"categories":[109,47],"tags":[123],"class_list":["post-81478","post","type-post","status-publish","format-standard","has-post-thumbnail","hentry","category-minuto-a-minuto","category-zona-gris","tag-juchitan-de-zaragoza"],"jetpack_featured_media_url":"https:\/\/zonaroja.com.mx\/wp-content\/uploads\/2025\/06\/Afectada-incendio-Oxxo-Juchitan.jpg","jetpack_sharing_enabled":true,"_links":{"self":[{"href":"https:\/\/zonaroja.com.mx\/index.php?rest_route=\/wp\/v2\/posts\/81478","targetHints":{"allow":["GET"]}}],"collection":[{"href":"https:\/\/zonaroja.com.mx\/index.php?rest_route=\/wp\/v2\/posts"}],"about":[{"href":"https:\/\/zonaroja.com.mx\/index.php?rest_route=\/wp\/v2\/types\/post"}],"author":[{"embeddable":true,"href":"https:\/\/zonaroja.com.mx\/index.php?rest_route=\/wp\/v2\/users\/2"}],"replies":[{"embeddable":true,"href":"https:\/\/zonaroja.com.mx\/index.php?rest_route=%2Fwp%2Fv2%2Fcomments&post=81478"}],"version-history":[{"count":1,"href":"https:\/\/zonaroja.com.mx\/index.php?rest_route=\/wp\/v2\/posts\/81478\/revisions"}],"predecessor-version":[{"id":81480,"href":"https:\/\/zonaroja.com.mx\/index.php?rest_route=\/wp\/v2\/posts\/81478\/revisions\/81480"}],"wp:featuredmedia":[{"embeddable":true,"href":"https:\/\/zonaroja.com.mx\/index.php?rest_route=\/wp\/v2\/media\/81479"}],"wp:attachment":[{"href":"https:\/\/zonaroja.com.mx\/index.php?rest_route=%2Fwp%2Fv2%2Fmedia&parent=81478"}],"wp:term":[{"taxonomy":"category","embeddable":true,"href":"https:\/\/zonaroja.com.mx\/index.php?rest_route=%2Fwp%2Fv2%2Fcategories&post=81478"},{"taxonomy":"post_tag","embeddable":true,"href":"https:\/\/zonaroja.com.mx\/index.php?rest_route=%2Fwp%2Fv2%2Ftags&post=81478"}],"curies":[{"name":"wp","href":"https:\/\/api.w.org\/{rel}","templated":true}]}}