{"id":81481,"date":"2025-06-18T08:15:00","date_gmt":"2025-06-18T14:15:00","guid":{"rendered":"https:\/\/zonaroja.com.mx\/?p=81481"},"modified":"2025-06-18T07:06:23","modified_gmt":"2025-06-18T13:06:23","slug":"entre-tequios-y-reclamos-oposicion-afloro-en-cabildo-de-oaxaca-de-juarez","status":"publish","type":"post","link":"https:\/\/zonaroja.com.mx\/?p=81481","title":{"rendered":"Entre tequios y reclamos,\u00a0 oposici\u00f3n aflor\u00f3 en Cabildo de Oaxaca de Ju\u00e1rez\u00a0"},"content":{"rendered":"\n<p>Lisbeth Mej\u00eda Reyes\/Zona Roja.<\/p>\n\n\n\n<p>Oaxaca, Oax., a 18 de junio de 2025.-El debate se pretend\u00eda generar a prop\u00f3sito de la obra p\u00fablica municipal, pero ganaron los se\u00f1alamientos por los tequios y el pasado pri\u00edsta de varios concejales que llegaron al ayuntamiento de Oaxaca de Ju\u00e1rez con la bandera del Verde Ecologista y que ahora se identifican con Morena.<\/p>\n\n\n\n<p>Martes de sesi\u00f3n, con un solo punto de acuerdo en la agenda. Era el turno de los asuntos generales en y el regidor Alejandro Carre\u00f1o solamente se rascaba la sien, la nariz y la barbilla mientras su compa\u00f1ero Mart\u00edn V\u00e1squez Villanueva preguntaba por la obra p\u00fablica y los recursos del Ramo 33. \u00ab\u00bfCu\u00e1ntas obras se han iniciado y bajo qu\u00e9 modalidad se van a realizar?\u00bb&nbsp;<\/p>\n\n\n\n<p>En medio de sus preguntas, V\u00e1squez criticaba los tequios vecinales porque \u00abse invita a personal de este gobierno municipal, de la administraci\u00f3n p\u00fablica, y lo que menos hay es participaci\u00f3n ciudadana&#8230; Un tequio para un trato indigno por la necesidad de conservar su empleo\u00bb.<\/p>\n\n\n\n<p>La discusi\u00f3n avanzaba, pero sin ahondar en la obra p\u00fablica a casi seis meses de gobierno. Uno tras otro hablaban los regidores para abordar otros temas e invitaciones.&nbsp;<\/p>\n\n\n\n<p>De pronto, a la defensa de los tequios sal\u00eda Carre\u00f1o, regidor de la materia, para hablar de las bondades de esta pr\u00e1ctica como una manera de hacer \u00abcomunidad\u00bb, para reeducar desde la administraci\u00f3n p\u00fablica e involucrarse con la sociedad.<\/p>\n\n\n\n<p>Fue casi una hora de asuntos generales, secci\u00f3n en la que el presidente municipal, Raymundo Chagoya Villanueva, tambi\u00e9n defend\u00eda los tequios al ponerse como ejemplo de la participaci\u00f3n y mientras exig\u00eda el respeto de V\u00e1squez Villanueva.<\/p>\n\n\n\n<p>\u00abNo s\u00e9 con qu\u00e9 calidad viene a decir que no van vecinas y vecinos si \u00e9l nunca ha asistido a ninguno de estos tequios\u00bb, le reclamaba al ex candidato a la presidencia municipal ante el p\u00fablico presente y el de las redes sociales, donde se transmit\u00eda en vivo la sesi\u00f3n ordinaria.<\/p>\n\n\n\n<p>En el pleno, algunos cruzaban los dedos. Pero V\u00e1squez, concejal por el PRI, no iba a pasar por alto aquella afrenta y volv\u00eda a pedir la palabra: \u00abPresidente, yo siempre me he referido a usted con mucho respeto. Nunca le he faltado al respeto, lo \u00fanico que le dije es que no estoy de acuerdo con los tequios y las invitaciones &#8230; Yo quiero que aqu\u00ed se hable de obras municipales porque tiene presupuesto propio Oaxaca de Ju\u00e1rez. Tiene Ramo 33 y no me contest\u00f3 el presidente c\u00f3mo va el programa anual de obras 2025 y no me contest\u00f3 tampoco del programa de adquisiciones\u00bb.<\/p>\n\n\n\n<figure class=\"wp-block-embed is-type-rich is-provider-twitter wp-block-embed-twitter\"><div class=\"wp-block-embed__wrapper\">\n<div class=\"twitter-tweet\"><blockquote class=\"twitter-tweet\" data-lang=\"es\"><p lang=\"es\" dir=\"ltr\">\u00a1Hubo tiro! Bueno, hubo debate serio y respetuoso en la sesi\u00f3n de Cabildo del <a href=\"https:\/\/twitter.com\/MunicipioOaxaca?ref_src=twsrc%5Etfw\">@MunicipioOaxaca<\/a>:<br>&#8211; El regidor de Cultura, <a href=\"https:\/\/twitter.com\/martinvasquezv?ref_src=twsrc%5Etfw\">@martinvasquezv<\/a>, pidi\u00f3 informaci\u00f3n y transparencia en la obra p\u00fablica; enfatiz\u00f3 su rechazo al programa de tequios, no as\u00ed a las dem\u00e1s acciones.<br>&#8211; El edil\u2026 <a href=\"https:\/\/t.co\/QZ9xuBwG1L\">pic.twitter.com\/QZ9xuBwG1L<\/a><\/p>&mdash; Zona Roja Oaxaca (@ZonaRoja_Oaxaca) <a href=\"https:\/\/twitter.com\/ZonaRoja_Oaxaca\/status\/1935192636643594364?ref_src=twsrc%5Etfw\">18 de junio de 2025<\/a><\/blockquote><\/div>\n<\/div><\/figure>\n\n\n\n<p>Sus reclamos se volv\u00edan ahora hacia Carre\u00f1o, quien solamente re\u00eda cuando V\u00e1squez argumentaba que no hab\u00eda necesidad de involucrar a todos en los tequios sino que cada concejal atendiera los asuntos de su competencia y responsabilidad. \u00ab\u00c9l (Carre\u00f1o) tiene una capacidad de organizaci\u00f3n estupenda. Por cierto, formado del PRI\u00bb.<\/p>\n\n\n\n<p>Tras el se\u00f1alamiento, fue imposible evitar las risas entre regidores y p\u00fablico. Este \u00faltimo se acomodaba en los asientos a la espera de los nuevos reclamos entre concejales. Varios m\u00e1s aprovechaban la oportunidad de grabar en video aquel duelo.<\/p>\n\n\n\n<p>Chagoya Villanueva trataba de mediar la situaci\u00f3n y terminar con las preguntas de V\u00e1squez, al que nuevamente invitaba a los tequios y a pedir la informaci\u00f3n de la obra p\u00fablica v\u00eda transparencia.<\/p>\n\n\n\n<p>Pero Carre\u00f1o volv\u00eda al asunto de los tequios y recordaba el pasado de V\u00e1squez como presidente municipal en Tehuantepec, pero tambi\u00e9n como alguien eterno en el tricolor. \u00abEs cierto, no voy a desconocer esa parte que tengo atr\u00e1s, pero por personas como usted es que renunci\u00e9 al PRI, que vivieron a\u00f1os eternamente en el PRI, de una trayectoria en el PRI y yo no tuve una oportunidad en el PRI por gente como usted\u00bb.<\/p>\n\n\n\n<p>La sesi\u00f3n era ya un encuentro frente a frente entre concejales. Por fin parec\u00eda aflorar la oposici\u00f3n, al menos para expresar desacuerdos personales o pol\u00edticos. Aunque como mediador, Chagoya Villanueva prefer\u00eda re\u00edr mientras V\u00e1squez y Carre\u00f1o se reclamaban.<\/p>\n\n\n\n<p>\u00ab\u00a1Vaya! Me da mucho gusto que d\u00e9 la cara Carre\u00f1o. Pocas veces te he escuchado. Y en casi 30 a\u00f1os que he participado en la vida p\u00fablica del pa\u00eds, jam\u00e1s he traicionado, jam\u00e1s he formado sectas, grupos\u00bb, le respond\u00eda V\u00e1squez al concejal que hab\u00eda cambiado la sonrisa por el rostro serio.&nbsp;<\/p>\n\n\n\n<p>Del Cabildo, dec\u00eda V\u00e1squez, \u00abel 90 por ciento viene del PRI, salvo honrosas excepciones. O son hijos, o son hermanos o son padres&#8230;\u00bb Y de nuevo arremet\u00eda contra Carre\u00f1o para exigirle responsabilidad con los tequios y a no obligar a los trabajadores del municipio a acudir por conservar \u00abese m\u00edsero sueldo que les dan\u00bb.<\/p>\n\n\n\n<p>Los desencuentros hab\u00edan aumentado y de las risas se hab\u00eda pasado a la seriedad. H\u00e9ctor Pablo Ram\u00edrez Puga, regidor que fue militante del PRI y que lleg\u00f3 al cabildo de Oaxaca de Ju\u00e1rez con Movimiento Ciudadano, ped\u00eda la palabra, pero no para avivar la discusi\u00f3n: \u00abYa no le voy a echar le\u00f1a al fuego, no se preocupe\u00bb. Su comentario devolv\u00eda la risas a la mayor\u00eda, pero no a V\u00e1squez y Carre\u00f1o.<\/p>\n","protected":false},"excerpt":{"rendered":"<p>Lisbeth Mej\u00eda Reyes\/Zona Roja. Oaxaca, Oax., a 18 de junio de 2025.-El debate se pretend\u00eda&hellip;<\/p>\n","protected":false},"author":2,"featured_media":81482,"comment_status":"closed","ping_status":"open","sticky":false,"template":"","format":"standard","meta":{"_lmt_disableupdate":"","_lmt_disable":"","_jetpack_memberships_contains_paid_content":false,"footnotes":""},"categories":[109,46],"tags":[148,4142],"class_list":["post-81481","post","type-post","status-publish","format-standard","has-post-thumbnail","hentry","category-minuto-a-minuto","category-zona-blanca","tag-oaxaca-de-juarez","tag-raymundo-chagoya"],"jetpack_featured_media_url":"https:\/\/zonaroja.com.mx\/wp-content\/uploads\/2025\/06\/Sesion-Cabildo-Oaxaca-de-Juarez.jpeg","jetpack_sharing_enabled":true,"_links":{"self":[{"href":"https:\/\/zonaroja.com.mx\/index.php?rest_route=\/wp\/v2\/posts\/81481","targetHints":{"allow":["GET"]}}],"collection":[{"href":"https:\/\/zonaroja.com.mx\/index.php?rest_route=\/wp\/v2\/posts"}],"about":[{"href":"https:\/\/zonaroja.com.mx\/index.php?rest_route=\/wp\/v2\/types\/post"}],"author":[{"embeddable":true,"href":"https:\/\/zonaroja.com.mx\/index.php?rest_route=\/wp\/v2\/users\/2"}],"replies":[{"embeddable":true,"href":"https:\/\/zonaroja.com.mx\/index.php?rest_route=%2Fwp%2Fv2%2Fcomments&post=81481"}],"version-history":[{"count":1,"href":"https:\/\/zonaroja.com.mx\/index.php?rest_route=\/wp\/v2\/posts\/81481\/revisions"}],"predecessor-version":[{"id":81483,"href":"https:\/\/zonaroja.com.mx\/index.php?rest_route=\/wp\/v2\/posts\/81481\/revisions\/81483"}],"wp:featuredmedia":[{"embeddable":true,"href":"https:\/\/zonaroja.com.mx\/index.php?rest_route=\/wp\/v2\/media\/81482"}],"wp:attachment":[{"href":"https:\/\/zonaroja.com.mx\/index.php?rest_route=%2Fwp%2Fv2%2Fmedia&parent=81481"}],"wp:term":[{"taxonomy":"category","embeddable":true,"href":"https:\/\/zonaroja.com.mx\/index.php?rest_route=%2Fwp%2Fv2%2Fcategories&post=81481"},{"taxonomy":"post_tag","embeddable":true,"href":"https:\/\/zonaroja.com.mx\/index.php?rest_route=%2Fwp%2Fv2%2Ftags&post=81481"}],"curies":[{"name":"wp","href":"https:\/\/api.w.org\/{rel}","templated":true}]}}