{"id":81484,"date":"2025-06-18T11:25:00","date_gmt":"2025-06-18T17:25:00","guid":{"rendered":"https:\/\/zonaroja.com.mx\/?p=81484"},"modified":"2025-06-18T08:00:30","modified_gmt":"2025-06-18T14:00:30","slug":"se-suma-xoxocotlan-a-la-lucha-por-infancias-libres-de-trabajo-infantil","status":"publish","type":"post","link":"https:\/\/zonaroja.com.mx\/?p=81484","title":{"rendered":"Se suma Xoxocotl\u00e1n a la lucha por infancias libres de trabajo infantil"},"content":{"rendered":"\n<p>Redacci\u00f3n\/Zona Roja.<\/p>\n\n\n\n<p>Oaxaca, Oax., a 18 de junio de 2025. En Santa Cruz Xoxocotl\u00e1n, las infancias no trabajan: juegan, aprenden y sue\u00f1an.&nbsp;<\/p>\n\n\n\n<p>Con esa convicci\u00f3n, el gobierno municipal que encabeza la presidenta Nancy Ben\u00edtez Z\u00e1rate, reafirm\u00f3 su compromiso con el desarrollo integral de las ni\u00f1as y ni\u00f1os, al sumarse a la Caravana para Prevenir y Erradicar el Trabajo Infantil, impulsada por la Secretar\u00eda del Trabajo del Estado de Oaxaca.<\/p>\n\n\n\n<p>En el acto celebrado en instalaciones del ayuntamiento, la edil, acompa\u00f1ada por integrantes de su Cabildo; la secretaria del Trabajo, Edith Santib\u00e1\u00f1ez Boh\u00f3rquez; la titular de SE-Sipinna, Alma Bautista Ramos, y la directora del DIF Municipal, Yarazet Cruz Ben\u00edtez, expres\u00f3 que el combate al trabajo infantil no es solo una tarea institucional, sino una causa de justicia social que exige coordinaci\u00f3n, voluntad pol\u00edtica y empat\u00eda.<\/p>\n\n\n\n<p>\u201cLas ni\u00f1as y los ni\u00f1os merecen vivir su infancia en plenitud. Nuestra obligaci\u00f3n es garantizarles entornos seguros donde puedan crecer libres de explotaci\u00f3n, con acceso a la educaci\u00f3n, al juego y al amor de sus familias. En Xoxocotl\u00e1n, estamos del lado de sus derechos y de su futuro\u201d, afirm\u00f3 Nancy Ben\u00edtez Z\u00e1rate.<\/p>\n\n\n\n<p>La Caravana, enmarcada en la campa\u00f1a estatal \u201cSin Trabajo Infantil Transformamos Oaxaca\u201d, busca visibilizar esta problem\u00e1tica, generar conciencia colectiva y fortalecer la participaci\u00f3n de autoridades, sociedad civil e instituciones para erradicar esta forma de violencia que vulnera profundamente a las infancias.<\/p>\n\n\n\n<p>Durante el encuentro, el Parque Central se llen\u00f3 de vida con la instalaci\u00f3n de stands de distintas dependencias estatales que ofrecieron actividades l\u00fadicas, culturales, deportivas y educativas, pensadas especialmente para que ni\u00f1as y ni\u00f1os disfrutaran, aprendieran y ejercieran sus derechos en un entorno seguro y amoroso.<\/p>\n\n\n\n<p>El gobierno municipal de Santa Cruz Xoxocotl\u00e1n reitera as\u00ed su compromiso con el bienestar superior de las ni\u00f1as y los ni\u00f1os, promoviendo pol\u00edticas p\u00fablicas que pongan en el centro su dignidad, su felicidad y las oportunidades que merecen para transformar su destino.<\/p>\n\n\n\n<figure class=\"wp-block-embed is-type-rich is-provider-twitter wp-block-embed-twitter\"><div class=\"wp-block-embed__wrapper\">\n<div class=\"twitter-tweet\"><blockquote class=\"twitter-tweet\" data-lang=\"es\"><p lang=\"es\" dir=\"ltr\">Cuidar los derechos y sue\u00f1os de nuestras infancias es una prioridad. \ud83d\udc67\ud83c\udffd\ud83d\udc66\ud83c\udffd<br><br>Acompa\u00f1ada de mi Cabildo, de las alumnas y alumnos de la escuela primaria Ricardo Flores Mag\u00f3n y nuestro Cabildo Infantil, \ud83e\udd70 recibimos con alegr\u00eda la Caravana Estatal para Prevenir y Erradicar el Trabajo\u2026 <a href=\"https:\/\/t.co\/fpIqzfAQC4\">pic.twitter.com\/fpIqzfAQC4<\/a><\/p>&mdash; Nancy Ben\u00edtez (@Nancy_Benitez_) <a href=\"https:\/\/twitter.com\/Nancy_Benitez_\/status\/1935142302063718647?ref_src=twsrc%5Etfw\">18 de junio de 2025<\/a><\/blockquote><\/div>\n<\/div><\/figure>\n","protected":false},"excerpt":{"rendered":"<p>Redacci\u00f3n\/Zona Roja. Oaxaca, Oax., a 18 de junio de 2025. En Santa Cruz Xoxocotl\u00e1n, las&hellip;<\/p>\n","protected":false},"author":2,"featured_media":81485,"comment_status":"closed","ping_status":"open","sticky":false,"template":"","format":"standard","meta":{"_lmt_disableupdate":"","_lmt_disable":"","_jetpack_memberships_contains_paid_content":false,"footnotes":""},"categories":[109,46],"tags":[133],"class_list":["post-81484","post","type-post","status-publish","format-standard","has-post-thumbnail","hentry","category-minuto-a-minuto","category-zona-blanca","tag-santa-cruz-xoxocotlan"],"jetpack_featured_media_url":"https:\/\/zonaroja.com.mx\/wp-content\/uploads\/2025\/06\/Xoxocotlan-se-suma-a-la-lucha-por-infancias-libres-de-trabajo-infantil-3.jpeg","jetpack_sharing_enabled":true,"_links":{"self":[{"href":"https:\/\/zonaroja.com.mx\/index.php?rest_route=\/wp\/v2\/posts\/81484","targetHints":{"allow":["GET"]}}],"collection":[{"href":"https:\/\/zonaroja.com.mx\/index.php?rest_route=\/wp\/v2\/posts"}],"about":[{"href":"https:\/\/zonaroja.com.mx\/index.php?rest_route=\/wp\/v2\/types\/post"}],"author":[{"embeddable":true,"href":"https:\/\/zonaroja.com.mx\/index.php?rest_route=\/wp\/v2\/users\/2"}],"replies":[{"embeddable":true,"href":"https:\/\/zonaroja.com.mx\/index.php?rest_route=%2Fwp%2Fv2%2Fcomments&post=81484"}],"version-history":[{"count":1,"href":"https:\/\/zonaroja.com.mx\/index.php?rest_route=\/wp\/v2\/posts\/81484\/revisions"}],"predecessor-version":[{"id":81486,"href":"https:\/\/zonaroja.com.mx\/index.php?rest_route=\/wp\/v2\/posts\/81484\/revisions\/81486"}],"wp:featuredmedia":[{"embeddable":true,"href":"https:\/\/zonaroja.com.mx\/index.php?rest_route=\/wp\/v2\/media\/81485"}],"wp:attachment":[{"href":"https:\/\/zonaroja.com.mx\/index.php?rest_route=%2Fwp%2Fv2%2Fmedia&parent=81484"}],"wp:term":[{"taxonomy":"category","embeddable":true,"href":"https:\/\/zonaroja.com.mx\/index.php?rest_route=%2Fwp%2Fv2%2Fcategories&post=81484"},{"taxonomy":"post_tag","embeddable":true,"href":"https:\/\/zonaroja.com.mx\/index.php?rest_route=%2Fwp%2Fv2%2Ftags&post=81484"}],"curies":[{"name":"wp","href":"https:\/\/api.w.org\/{rel}","templated":true}]}}