{"id":8149,"date":"2020-01-28T13:56:57","date_gmt":"2020-01-28T19:56:57","guid":{"rendered":"https:\/\/www.zonaroja.com.mx\/?p=8149"},"modified":"2020-01-28T13:56:59","modified_gmt":"2020-01-28T19:56:59","slug":"tras-masacre-autoridad-de-ixtlayutla-pide-seguridad-nacional-en-el-municipio","status":"publish","type":"post","link":"https:\/\/zonaroja.com.mx\/?p=8149","title":{"rendered":"Tras masacre, autoridad de Ixtlayutla pide seguridad nacional en el municipio"},"content":{"rendered":"\n<p>Evlin Arag\u00f3n\/Zona Roja.<\/p>\n\n\n\n<p>Oaxaca de Ju\u00e1rez, Oax., 28 de enero de 2020.-&nbsp;Luego de la masacre perpetrada&nbsp;<a href=\"\/\/0\">el s\u00e1bado por la tarde<\/a>&nbsp;en el municipio de Santiago Ixtlayutla, que dej\u00f3 como saldo una mujer y dos menores de edad muertas, as\u00ed como cinco personas m\u00e1s heridas, autoridades municipales hicieron presencia en la capital de Oaxaca para exigir instalar una mesa de alto nivel con autoridades estatales, que garantice la seguridad en la zona.<\/p>\n\n\n\n<p>As\u00ed lo dio a conocer el edil Gerardo Garc\u00eda Velasco, respaldado por Uni\u00f3n de Autoridades Municipales de Oaxaca (Unamos), quien detall\u00f3 que la autoridad municipal de la comunidad ind\u00edgena esta rebasada para atender este tipo de ataques armados, toda vez que no cuenta con el personal ni equipamiento especializado para hacer frente a la delincuencia organizada.<\/p>\n\n\n\n<p>\u201cSomos una comunidad ind\u00edgena, sin la capacidad de respuesta para actos tan cobardes como estos, con un viejo y casi inservible parque vehicular para patrullar nuestro municipio, en donde llegamos a recorrer varios horas entre una comunidad y otra dentro del mismo municipio\u201d, refiri\u00f3.<\/p>\n\n\n\n<p>En este sentido exigi\u00f3 la presencia de elementos de la Polic\u00eda Estatal y Guardia Nacional en la zona con quienes se comprometi\u00f3 a coadyuvar para evitar que actos tan lamentables se vuelvan a repetir en el municipio ubicado.<\/p>\n\n\n\n<p>As\u00ed mismo pidieron la pronta actuaci\u00f3n de la Fiscal\u00eda General de Oaxaca para que la familia afectada obtenga justicia por los hechos en los que muri\u00f3 Teresa Q. M. &nbsp;y sus dos peque\u00f1as hijas de dos y siete a\u00f1os de edad, y dejo heridos a Jes\u00fas Merino Merino, Ang\u00e9lica Merino Quiroz y Alma Delia Merino Quiroz.<\/p>\n\n\n\n<p>\u201cVenimos a que se instale una mesa de atenci\u00f3n de primer nivel para atender esta situaci\u00f3n tan grave, si bien hace escasos 20 d\u00edas que iniciamos con esta administraci\u00f3n municipal, ofrecemos coadyuvar de forma total y que esto conlleve a acciones para que no vuelva a suceder este tipo de actos tan crueles\u201d, explic\u00f3.<\/p>\n\n\n\n<p>Hasta el momento la Fiscal\u00eda, a cargo de Rub\u00e9n Vasconcelos M\u00e9ndez, no ha dado declaraciones al respecto sobre las posibles l\u00edneas de investigaci\u00f3n, la \u00fanica instancia que se ha pronunciado es la Defensor\u00eda de los Derechos Humanos del Pueblo de Oaxaca que lament\u00f3 los hechos y exigi\u00f3 justicia para la familia afectada.<\/p>\n\n\n\n<p>As\u00ed mismo organizaciones sociales como Servicios para una Educaci\u00f3n Alternativa y Comuna condenaron los hechos y cuestionaron la capacidad del gobierno para garantizar la seguridad en la entidad, as\u00ed mismo exigieron justicia para la familia afectada y pidieron a la Fiscal\u00eda una investigaci\u00f3n \u00e1gil y eficiente.<\/p>\n\n\n\n<p>Mientras que organizaciones en defensa de los derechos de las mujeres calificaron como grave el asesinato de una mujer y sus dos peque\u00f1as hijas, estos \u00faltimos vistos como feminicidio infantil.<\/p>\n\n\n\n<p>Consorcio Oaxaca responsabiliz\u00f3 al Gobierno del Estado de estos cr\u00edmenes de odio ya que no ha logrado generar pol\u00edticas p\u00fablicas que garanticen la vida y seguridad de las mujeres, a la par que exigi\u00f3 a la Fiscal\u00eda de Oaxaca que se investigue con perspectiva de g\u00e9nero y se facilite el acceso a la justicia para la familia de las v\u00edctimas.<br class=\"Apple-interchange-newline\" \/><\/p>\n","protected":false},"excerpt":{"rendered":"<p>Evlin Arag\u00f3n\/Zona Roja. Oaxaca de Ju\u00e1rez, Oax., 28 de enero de 2020.-&nbsp;Luego de la masacre&hellip;<\/p>\n","protected":false},"author":2,"featured_media":8148,"comment_status":"closed","ping_status":"open","sticky":false,"template":"","format":"standard","meta":{"_lmt_disableupdate":"","_lmt_disable":"","_jetpack_memberships_contains_paid_content":false,"footnotes":""},"categories":[1],"tags":[],"class_list":["post-8149","post","type-post","status-publish","format-standard","has-post-thumbnail","hentry","category-sin-categoria"],"jetpack_featured_media_url":"https:\/\/zonaroja.com.mx\/wp-content\/uploads\/2020\/01\/bce0e247-9cf0-48ff-bebb-7b1f90ff4544.jpg","jetpack_sharing_enabled":true,"_links":{"self":[{"href":"https:\/\/zonaroja.com.mx\/index.php?rest_route=\/wp\/v2\/posts\/8149","targetHints":{"allow":["GET"]}}],"collection":[{"href":"https:\/\/zonaroja.com.mx\/index.php?rest_route=\/wp\/v2\/posts"}],"about":[{"href":"https:\/\/zonaroja.com.mx\/index.php?rest_route=\/wp\/v2\/types\/post"}],"author":[{"embeddable":true,"href":"https:\/\/zonaroja.com.mx\/index.php?rest_route=\/wp\/v2\/users\/2"}],"replies":[{"embeddable":true,"href":"https:\/\/zonaroja.com.mx\/index.php?rest_route=%2Fwp%2Fv2%2Fcomments&post=8149"}],"version-history":[{"count":1,"href":"https:\/\/zonaroja.com.mx\/index.php?rest_route=\/wp\/v2\/posts\/8149\/revisions"}],"predecessor-version":[{"id":8150,"href":"https:\/\/zonaroja.com.mx\/index.php?rest_route=\/wp\/v2\/posts\/8149\/revisions\/8150"}],"wp:featuredmedia":[{"embeddable":true,"href":"https:\/\/zonaroja.com.mx\/index.php?rest_route=\/wp\/v2\/media\/8148"}],"wp:attachment":[{"href":"https:\/\/zonaroja.com.mx\/index.php?rest_route=%2Fwp%2Fv2%2Fmedia&parent=8149"}],"wp:term":[{"taxonomy":"category","embeddable":true,"href":"https:\/\/zonaroja.com.mx\/index.php?rest_route=%2Fwp%2Fv2%2Fcategories&post=8149"},{"taxonomy":"post_tag","embeddable":true,"href":"https:\/\/zonaroja.com.mx\/index.php?rest_route=%2Fwp%2Fv2%2Ftags&post=8149"}],"curies":[{"name":"wp","href":"https:\/\/api.w.org\/{rel}","templated":true}]}}