{"id":81499,"date":"2025-06-18T13:30:00","date_gmt":"2025-06-18T19:30:00","guid":{"rendered":"https:\/\/zonaroja.com.mx\/?p=81499"},"modified":"2025-06-18T08:14:55","modified_gmt":"2025-06-18T14:14:55","slug":"opinion-la-casa-de-la-perdicion","status":"publish","type":"post","link":"https:\/\/zonaroja.com.mx\/?p=81499","title":{"rendered":"Opini\u00f3n. La casa de la perdici\u00f3n"},"content":{"rendered":"\n<p>N\u00e9stor Y. S\u00e1nchez Islas<\/p>\n\n\n\n<p>All\u00e1&nbsp;por 1827, en lo que hoy es la calle de Hidalgo&nbsp;hubo una sencilla vecindad que recibi\u00f3 de las conciencias y almas p\u00edas el mote de \u201cla casa de la perdici\u00f3n\u201d. El mote le qued\u00f3 como anillo al dedo, pero casi 200 a\u00f1os despu\u00e9s.<\/p>\n\n\n\n<p>Consecuencia de la Independencia mexicana y de la nueva Constituci\u00f3n local, naci\u00f3 en humildes cuartos y pisos de ladrillo un templo del saber que, a trav\u00e9s de sus hombres, llenar\u00eda de orgullo las p\u00e1ginas de la Historia nacional, as\u00ed como hoy llena de verg\u00fcenza a los oaxaque\u00f1os.<\/p>\n\n\n\n<p>Modesto en proporciones, pero de infinitas ambiciones naci\u00f3 el Instituto de Ciencias y Artes de Oaxaca, el que un siglo y medio despu\u00e9s se convertir\u00eda en la Universidad Aut\u00f3noma Benito Ju\u00e1rez de Oaxaca, un lugar que dio paso a la raz\u00f3n sobre la fe, al debate y la lucha a trav\u00e9s de las ideas y no de las piedras y balazos con los que hoy ajustan cuentas entre universitarios. Los viejos morrales cargados de libros y apuntes de aquellos j\u00f3venes liberales que&nbsp;construir\u00edan el&nbsp;glorioso siglo XIX mexicano dieron paso a los porros cargados de mochilas, pero&nbsp;llenas de proyectiles incendiarios.<\/p>\n\n\n\n<p>Para aquellas viejas conciencias conservadoras, el hecho de que la&nbsp;ciencia, la l\u00f3gica o la jurisprudencia sustituyeran al catecismo y los dogmas de&nbsp;la&nbsp;fe fueronlas&nbsp;razones&nbsp;por las&nbsp;que consideraron a esa naciente instituci\u00f3n&nbsp;como&nbsp;una casa de perdici\u00f3n. No soportaron que la sotana fuera sustituida por&nbsp;las ideas de&nbsp;liberales y masones que llenaron sus pasillos. Pero, aunque usted no lo crea, fueron los frailes dominicos los primeros profesores de aquellas ilustres generaciones del&nbsp;liberalismo oaxaque\u00f1o que cubri\u00f3 de gloria la Historia nacional.&nbsp;<\/p>\n\n\n\n<p>Ahora sabemos que la raz\u00f3n&nbsp;y la l\u00f3gica&nbsp;no fueron&nbsp;la perdici\u00f3n del Instituto, ahora UABJO, sino la codicia de sus supuestos liberadores de la&nbsp;supuesta&nbsp;opresi\u00f3n&nbsp;en que la manten\u00eda la&nbsp;vallistocracia&nbsp;local. Lucharon por \u201cliberarla\u201d y terminaron esclaviz\u00e1ndola a ella y a Oaxaca a sus vicios y podredumbre. Esos hip\u00f3critas&nbsp;de la universidad cr\u00edtica, cient\u00edfica y popular solo quer\u00edanapoderarse de ella y su presupuesto.<\/p>\n\n\n\n<p>\u00bfQu\u00e9&nbsp;es la UABJO ahora?&nbsp;Una casa de perdici\u00f3n.&nbsp;Un lugar que involucion\u00f3,&nbsp;en donde los estudiantes no estudian, los maestros no ense\u00f1an y los paros, huelgas y tomas de instalaciones son el pan nuestro de cada d\u00eda. Cada metro cuadrado se pelea a muerte.<\/p>\n\n\n\n<p>Para honrar a nuestra \u201cm\u00e1xima casa de estudios\u201d, muletilla&nbsp;que apesta a demagogia, se le puso el nombre de nuestro ilustre benem\u00e9rito, mismo que denigran los pigmeos intelectuales que hoy pululan por sus oficinas y que tienen el control del millonario presupuesto. La autonom\u00eda es sin\u00f3nimo de impunidad y su viejo prestigio es cosa del pasado.<\/p>\n\n\n\n<p>Hoy la UABJO es la responsable de la perdici\u00f3n de generaciones enteras. Sus egresados dif\u00edcilmente encuentran trabajo fuera de la burocracia oficial&nbsp;o del activismo&nbsp;porril. De ser el alma mater de Don Benito Ju\u00e1rez, Porfirio D\u00edaz, Mat\u00edas Romero, Ignacio Mej\u00eda, Justo Ben\u00edtez o Manuel Ruiz entre muchos otros, los hombres que construyeron la Reforma en el siglo&nbsp;XIXhoy otorgan t\u00edtulos y maestr\u00edas fantasma a gente como Hugo Aguilar Ortiz, siervo de la&nbsp;decadente&nbsp;\u201ccuarta transformaci\u00f3n\u201d.<\/p>\n\n\n\n<p>De ser cuna del liberalismo a ser nido del fanatismodemag\u00f3gico y populista como el del se\u00f1or Aguilar Ortiz, cuya c\u00e9dula de Maestr\u00eda no aparece en el Registro de Profesiones. Pronto presidir\u00e1 uno de los poderes del Estado para el que no tiene ninguna calificaci\u00f3n, por eso se&nbsp;ocultar\u00e1 detr\u00e1s de la m\u00e1scara de la ropa t\u00edpica, para aparentar superioridad moral.<\/p>\n\n\n\n<p>Nada le impedir\u00eda poner un puesto de memelas dentro de la sala de sesiones para comer, tambi\u00e9n, un platillo t\u00edpico de su tierra&nbsp;y moralmente superior.&nbsp;As\u00ed, en las ant\u00edpodas del intelecto es la realidad de aquella&nbsp;casa que, en su momento la llamaron la de la perdici\u00f3n.&nbsp;Pero la perdici\u00f3n&nbsp;y&nbsp;la&nbsp;decadencia&nbsp;est\u00e1 en el presente y no en el pasado.<\/p>\n\n\n\n<p>La UABJO vive su cotidianeidad sin que a nadie sorprenda. La directora de la Faculta de Derecho acusa a su propio padre, Abraham Mart\u00ednez Alavez,&nbsp;de ser el responsable de la toma de las instalaciones.&nbsp;Otra facultad, la de deportes, tambi\u00e9n en medio de ri\u00f1as entre sindicalizados y estudiantes. Una vez m\u00e1s, el&nbsp;guerrillero&nbsp;bur\u00f3crata,&nbsp;Abraham Mart\u00ednez,&nbsp;es se\u00f1aladocomo la mano que mueve el cacicazgo.<\/p>\n\n\n\n<p>\u00bfC\u00f3mo piensan insertar a sus estudiantes en el complejo mundo tecnol\u00f3gico de hoy?&nbsp;El Instituto de Ciencias y Artes fue dise\u00f1ado y creado para servir a Oaxaca; la UABJO fue transformada en los a\u00f1os 70 para servir a su cacique y sus sindicatos.<\/p>\n\n\n\n<p>El demonio no entr\u00f3 en la UABJO&nbsp;por las razones por las que aquellos beatos&nbsp;del siglo XIX tem\u00edan.&nbsp;No entr\u00f3 por las ideas y el pensamiento moderno y liberal, lleg\u00f3 mucho despu\u00e9s disfrazado de&nbsp;falsos&nbsp;redentores.&nbsp;La perdici\u00f3n no fue de las almas y la moral, sino del futuro de estas generaciones.<\/p>\n\n\n\n<p>nestoryuri@yahoo.com<\/p>\n","protected":false},"excerpt":{"rendered":"<p>N\u00e9stor Y. S\u00e1nchez Islas All\u00e1&nbsp;por 1827, en lo que hoy es la calle de Hidalgo&nbsp;hubo&hellip;<\/p>\n","protected":false},"author":2,"featured_media":67897,"comment_status":"closed","ping_status":"open","sticky":false,"template":"","format":"standard","meta":{"_lmt_disableupdate":"","_lmt_disable":"","_jetpack_memberships_contains_paid_content":false,"footnotes":""},"categories":[456,109],"tags":[],"class_list":["post-81499","post","type-post","status-publish","format-standard","has-post-thumbnail","hentry","category-columna","category-minuto-a-minuto"],"jetpack_featured_media_url":"https:\/\/zonaroja.com.mx\/wp-content\/uploads\/2024\/05\/Opinion-Nestor-Yuri-Sanchez.jpeg","jetpack_sharing_enabled":true,"_links":{"self":[{"href":"https:\/\/zonaroja.com.mx\/index.php?rest_route=\/wp\/v2\/posts\/81499","targetHints":{"allow":["GET"]}}],"collection":[{"href":"https:\/\/zonaroja.com.mx\/index.php?rest_route=\/wp\/v2\/posts"}],"about":[{"href":"https:\/\/zonaroja.com.mx\/index.php?rest_route=\/wp\/v2\/types\/post"}],"author":[{"embeddable":true,"href":"https:\/\/zonaroja.com.mx\/index.php?rest_route=\/wp\/v2\/users\/2"}],"replies":[{"embeddable":true,"href":"https:\/\/zonaroja.com.mx\/index.php?rest_route=%2Fwp%2Fv2%2Fcomments&post=81499"}],"version-history":[{"count":1,"href":"https:\/\/zonaroja.com.mx\/index.php?rest_route=\/wp\/v2\/posts\/81499\/revisions"}],"predecessor-version":[{"id":81500,"href":"https:\/\/zonaroja.com.mx\/index.php?rest_route=\/wp\/v2\/posts\/81499\/revisions\/81500"}],"wp:featuredmedia":[{"embeddable":true,"href":"https:\/\/zonaroja.com.mx\/index.php?rest_route=\/wp\/v2\/media\/67897"}],"wp:attachment":[{"href":"https:\/\/zonaroja.com.mx\/index.php?rest_route=%2Fwp%2Fv2%2Fmedia&parent=81499"}],"wp:term":[{"taxonomy":"category","embeddable":true,"href":"https:\/\/zonaroja.com.mx\/index.php?rest_route=%2Fwp%2Fv2%2Fcategories&post=81499"},{"taxonomy":"post_tag","embeddable":true,"href":"https:\/\/zonaroja.com.mx\/index.php?rest_route=%2Fwp%2Fv2%2Ftags&post=81499"}],"curies":[{"name":"wp","href":"https:\/\/api.w.org\/{rel}","templated":true}]}}