{"id":81501,"date":"2025-06-18T18:39:15","date_gmt":"2025-06-19T00:39:15","guid":{"rendered":"https:\/\/zonaroja.com.mx\/?p=81501"},"modified":"2025-06-18T18:41:07","modified_gmt":"2025-06-19T00:41:07","slug":"detienen-a-4-presuntos-autores-de-incendios-de-tiendas-oxxo-en-juchitan","status":"publish","type":"post","link":"https:\/\/zonaroja.com.mx\/?p=81501","title":{"rendered":"Detienen a 4 presuntos autores de incendios de tiendas Oxxo en Juchit\u00e1n"},"content":{"rendered":"\n<p>Raymundo Morales\/Zona Roja.<\/p>\n\n\n\n<p>Oaxaca, Oax., a 18 &nbsp;de junio de 2025.- Cuatro personas fueron capturadas este jueves como probables responsables del incendio de dos tiendas Oxxo en Juchit\u00e1n de Zaragoza y ser\u00edan del grupo delictivo del \u201cComandante Cromo\u201d.<\/p>\n\n\n\n<p>Se trata de N.J.J.C., alias \u201cChico Bala\u201d; J.A.S.S., alias \u201cChuy\u201d; B.A.C.S., alias \u201cPapaya\u201d y C.E.BC., alias \u201cCachorro\u201d, inform\u00f3 la Fiscal\u00eda General del Estado de Oaxaca.<\/p>\n\n\n\n<p>En un comunicado, expuso que es resultado de trabajos de inteligencia criminal que realiza a trav\u00e9s de la Agencia Estatal de Investigaciones (AEI), con la implementaci\u00f3n estrat\u00e9gica de la Operaci\u00f3n \u201cSable\u201d en el Istmo de Tehuantepec.<\/p>\n\n\n\n<p>Luego de los hechos ocurridos el pasado lunes, se desplegaron operativos simult\u00e1neos en diferentes puntos de esa regi\u00f3n, tras los cuales se logr\u00f3 la detenci\u00f3n de cuatro personas por su responsabilidad en los incendios provocados a dos sucursales de las tiendas de conveniencia.<\/p>\n\n\n\n<p>Detall\u00f3 que en las acciones coordinadas participan la Secretar\u00eda de la Defensa Nacional (Defensa), la Secretar\u00eda de Marina (Semar), la Guardia Nacional y la Secretar\u00eda de Seguridad y Protecci\u00f3n Ciudadana (SSPC).<\/p>\n\n\n\n<p>Estas detenciones se llevaron a cabo durante este mi\u00e9rcoles, 18 de junio de 2025, en distintas zonas de la ciudad de Juchit\u00e1n de Zaragoza y quedaron a disposici\u00f3n del Agente del Ministerio P\u00fablico de la Fiscal\u00eda de Oaxaca, para iniciar su proceso penal.<\/p>\n\n\n\n<p>Las investigaciones, as\u00ed como las pruebas recabadas, sugieren que tendr\u00edan responsabilidad en la autor\u00eda material de estos incendios.<\/p>\n\n\n\n<p>Adem\u00e1s, los trabajos de inteligencia criminal establecieron que estos ataques a las tiendas de conveniencia estar\u00edan relacionados con las actividades criminales de la c\u00e9lula delictiva liderada por el \u201cComandante Cromo\u201d, uno de los principales generadores de violencia en la regi\u00f3n.<\/p>\n\n\n\n<p>Los incendios fueron provocados el pasado lunes, 16 de junio de 2025, en dos sucursales de la cadena de tiendas de conveniencia Oxxo de la ciudad de Juchit\u00e1n de Zaragoza, una de ellas ubicada en la calle Abasolo esquina con Rosendo Pineda, mientras que otra localizada en la calle Sa\u00fal Mart\u00ednez de la Octava Secci\u00f3n.<\/p>\n\n\n\n<p>Los trabajos ministeriales revelaron que estas cuatro personas tambi\u00e9n est\u00e1n relacionadas con la serie de amenazas por cobro de piso realizadas v\u00eda telef\u00f3nica a diferentes sectores sociales de Juchit\u00e1n, as\u00ed como otros municipios de la regi\u00f3n.<\/p>\n\n\n\n<p>En tanto que, la Fiscal\u00eda de Oaxaca, a trav\u00e9s de la AEI, realizan trabajos conjuntos de investigaci\u00f3n e inteligencia criminal en estrecha coordinaci\u00f3n con la Defensa, Semar, Guardia Nacional y la SSPC, para llevar ante la justicia a los responsables de estas agresiones a la sociedad, as\u00ed como para garantizar la seguridad en la regi\u00f3n.<\/p>\n","protected":false},"excerpt":{"rendered":"<p>Raymundo Morales\/Zona Roja. Oaxaca, Oax., a 18 &nbsp;de junio de 2025.- Cuatro personas fueron capturadas&hellip;<\/p>\n","protected":false},"author":2,"featured_media":81504,"comment_status":"closed","ping_status":"open","sticky":false,"template":"","format":"standard","meta":{"_lmt_disableupdate":"","_lmt_disable":"","_jetpack_memberships_contains_paid_content":false,"footnotes":""},"categories":[109,46],"tags":[494],"class_list":["post-81501","post","type-post","status-publish","format-standard","has-post-thumbnail","hentry","category-minuto-a-minuto","category-zona-blanca","tag-fiscalia-general-del-estado-de-oaxaca"],"jetpack_featured_media_url":"https:\/\/zonaroja.com.mx\/wp-content\/uploads\/2025\/06\/Detenidos-Fiscalia-caso-Oxxo-Juchitan.jpg","jetpack_sharing_enabled":true,"_links":{"self":[{"href":"https:\/\/zonaroja.com.mx\/index.php?rest_route=\/wp\/v2\/posts\/81501","targetHints":{"allow":["GET"]}}],"collection":[{"href":"https:\/\/zonaroja.com.mx\/index.php?rest_route=\/wp\/v2\/posts"}],"about":[{"href":"https:\/\/zonaroja.com.mx\/index.php?rest_route=\/wp\/v2\/types\/post"}],"author":[{"embeddable":true,"href":"https:\/\/zonaroja.com.mx\/index.php?rest_route=\/wp\/v2\/users\/2"}],"replies":[{"embeddable":true,"href":"https:\/\/zonaroja.com.mx\/index.php?rest_route=%2Fwp%2Fv2%2Fcomments&post=81501"}],"version-history":[{"count":1,"href":"https:\/\/zonaroja.com.mx\/index.php?rest_route=\/wp\/v2\/posts\/81501\/revisions"}],"predecessor-version":[{"id":81502,"href":"https:\/\/zonaroja.com.mx\/index.php?rest_route=\/wp\/v2\/posts\/81501\/revisions\/81502"}],"wp:featuredmedia":[{"embeddable":true,"href":"https:\/\/zonaroja.com.mx\/index.php?rest_route=\/wp\/v2\/media\/81504"}],"wp:attachment":[{"href":"https:\/\/zonaroja.com.mx\/index.php?rest_route=%2Fwp%2Fv2%2Fmedia&parent=81501"}],"wp:term":[{"taxonomy":"category","embeddable":true,"href":"https:\/\/zonaroja.com.mx\/index.php?rest_route=%2Fwp%2Fv2%2Fcategories&post=81501"},{"taxonomy":"post_tag","embeddable":true,"href":"https:\/\/zonaroja.com.mx\/index.php?rest_route=%2Fwp%2Fv2%2Ftags&post=81501"}],"curies":[{"name":"wp","href":"https:\/\/api.w.org\/{rel}","templated":true}]}}