{"id":81506,"date":"2025-06-18T20:59:57","date_gmt":"2025-06-19T02:59:57","guid":{"rendered":"https:\/\/zonaroja.com.mx\/?p=81506"},"modified":"2025-06-18T20:59:59","modified_gmt":"2025-06-19T02:59:59","slug":"confirman-en-oaxaca-un-caso-de-gusano-barrenador-en-un-canino","status":"publish","type":"post","link":"https:\/\/zonaroja.com.mx\/?p=81506","title":{"rendered":"Confirman en Oaxaca un caso de gusano barrenador en un canino"},"content":{"rendered":"\n<p>Redacci\u00f3n\/Zona Roja.<\/p>\n\n\n\n<p>Oaxaca, Oax., a 18 de junio de 2025.- El Gobierno del Estado, a trav\u00e9s de la Secretar\u00eda de Fomento Agroalimentario y Desarrollo Rural (Sefader) informa sobre el primer caso de un canino en San Juan Yae\u00e9, en la Sierra de Ju\u00e1rez, notificado con presencia de miasis provocada por gusano barrenador de ganado.<\/p>\n\n\n\n<p>Las autoridades sanitarias confirmaron el caso como positivo e informaron que el animal dom\u00e9stico recibi\u00f3 atenci\u00f3n m\u00e9dica veterinaria y se encuentra fuera de peligro, en vigilancia activa en la zona focal donde se dio el caso.<\/p>\n\n\n\n<p>La dependencia exhorta a la poblaci\u00f3n estar atenta ante la presencia o sospecha de gusano barrenador en alguno de sus animales, ya sean especies ganaderas o animales dom\u00e9sticos.<\/p>\n\n\n\n<p>En caso de detectar alguna situaci\u00f3n anormal, deber\u00e1 ser reportado de inmediato al Comit\u00e9 Estatal de Fomento y Protecci\u00f3n Pecuaria de Oaxaca (CEFPPO) y al Servicio Nacional de Sanidad, Inocuidad y Calidad Agroalimentaria (Senasica), a los n\u00fameros telef\u00f3nicos 951 109 8090 y 951 501 6900 extensi\u00f3n 25782.<\/p>\n","protected":false},"excerpt":{"rendered":"<p>Redacci\u00f3n\/Zona Roja. Oaxaca, Oax., a 18 de junio de 2025.- El Gobierno del Estado, a&hellip;<\/p>\n","protected":false},"author":2,"featured_media":81507,"comment_status":"closed","ping_status":"open","sticky":false,"template":"","format":"standard","meta":{"_lmt_disableupdate":"","_lmt_disable":"","_jetpack_memberships_contains_paid_content":false,"footnotes":""},"categories":[109,47],"tags":[4296],"class_list":["post-81506","post","type-post","status-publish","format-standard","has-post-thumbnail","hentry","category-minuto-a-minuto","category-zona-gris","tag-gusano-barrenador"],"jetpack_featured_media_url":"https:\/\/zonaroja.com.mx\/wp-content\/uploads\/2025\/06\/Gusano-Barrenador.webp","jetpack_sharing_enabled":true,"_links":{"self":[{"href":"https:\/\/zonaroja.com.mx\/index.php?rest_route=\/wp\/v2\/posts\/81506","targetHints":{"allow":["GET"]}}],"collection":[{"href":"https:\/\/zonaroja.com.mx\/index.php?rest_route=\/wp\/v2\/posts"}],"about":[{"href":"https:\/\/zonaroja.com.mx\/index.php?rest_route=\/wp\/v2\/types\/post"}],"author":[{"embeddable":true,"href":"https:\/\/zonaroja.com.mx\/index.php?rest_route=\/wp\/v2\/users\/2"}],"replies":[{"embeddable":true,"href":"https:\/\/zonaroja.com.mx\/index.php?rest_route=%2Fwp%2Fv2%2Fcomments&post=81506"}],"version-history":[{"count":1,"href":"https:\/\/zonaroja.com.mx\/index.php?rest_route=\/wp\/v2\/posts\/81506\/revisions"}],"predecessor-version":[{"id":81508,"href":"https:\/\/zonaroja.com.mx\/index.php?rest_route=\/wp\/v2\/posts\/81506\/revisions\/81508"}],"wp:featuredmedia":[{"embeddable":true,"href":"https:\/\/zonaroja.com.mx\/index.php?rest_route=\/wp\/v2\/media\/81507"}],"wp:attachment":[{"href":"https:\/\/zonaroja.com.mx\/index.php?rest_route=%2Fwp%2Fv2%2Fmedia&parent=81506"}],"wp:term":[{"taxonomy":"category","embeddable":true,"href":"https:\/\/zonaroja.com.mx\/index.php?rest_route=%2Fwp%2Fv2%2Fcategories&post=81506"},{"taxonomy":"post_tag","embeddable":true,"href":"https:\/\/zonaroja.com.mx\/index.php?rest_route=%2Fwp%2Fv2%2Ftags&post=81506"}],"curies":[{"name":"wp","href":"https:\/\/api.w.org\/{rel}","templated":true}]}}