{"id":81509,"date":"2025-06-18T22:02:27","date_gmt":"2025-06-19T04:02:27","guid":{"rendered":"https:\/\/zonaroja.com.mx\/?p=81509"},"modified":"2025-06-18T22:02:28","modified_gmt":"2025-06-19T04:02:28","slug":"apadrina-diputado-benjamin-viveros-a-egresados-del-cecyteo","status":"publish","type":"post","link":"https:\/\/zonaroja.com.mx\/?p=81509","title":{"rendered":"Apadrina diputado Benjam\u00edn Viveros a egresados del Cecyteo"},"content":{"rendered":"\n<p>Redacci\u00f3n\/Zona Roja.<\/p>\n\n\n\n<p>Oaxaca, Oax., a 18 de junio de 2025.- El presidente de la Junta de Coordinaci\u00f3n Pol\u00edtica (Jucopo) de la Sexag\u00e9sima Sexta Legislatura del Congreso local, Benjam\u00edn Viveros Montalvo, reconoci\u00f3 el Sistema de Educaci\u00f3n Dual del Colegio de Estudios Cient\u00edficos y Tecnol\u00f3gicos del Estado de Oaxaca (Cecyteo) porque representa una gran oportunidad de vincular los estudios adquiridos por estudiantes en el aula, con el aprendizaje profesional en la pr\u00e1ctica cotidiana del trabajo con el sector empresarial e industrial.<\/p>\n\n\n\n<p>Al fungir como padrino de la generaci\u00f3n 2022-2025 de 50 j\u00f3venes egresados de diversos planteles de este subsistema educativo, Viveros Montalvo destac\u00f3 su esfuerzo, dedicaci\u00f3n y responsabilidad, pues han demostrado que Oaxaca cuenta con una juventud comprometida, con visi\u00f3n y con la capacidad de transformar el presente para asegurar un mejor futuro.<\/p>\n\n\n\n<p>Reafirm\u00f3 su compromiso de seguir impulsando pol\u00edticas p\u00fablicas y continuar respaldando las acciones del Gobernador del Estado, Salom\u00f3n Jara Cruz, para fortalecer la Educaci\u00f3n Dual en Oaxaca y con ello, ampliar las oportunidades que aseguren que las y los j\u00f3venes tengan acceso a una formaci\u00f3n de calidad y empleo digno, en un \u00e1mbito de igualdad e inclusi\u00f3n.<\/p>\n\n\n\n<p>Dijo que este modelo del Cecyteo, que combina la formaci\u00f3n en la escuela y la pr\u00e1ctica en las empresas, favorece a las juventudes oaxaque\u00f1as con la adquisici\u00f3n de conocimientos y experiencias, con el prop\u00f3sito de incrementar sus oportunidades en el campo laboral.<\/p>\n\n\n\n<p>\u201cUstedes han llevado su aprendizaje m\u00e1s all\u00e1 de las aulas, han experimentado los retos y oportunidades del mundo real y demuestran hoy que el conocimiento se fortalece cuando se aplica objetivamente\u201d, se\u00f1al\u00f3 ante la presencia de la titular de la Secretar\u00eda de Educaci\u00f3n P\u00fablica de Oaxaca (SEP), Delfina Elizabeth Guzm\u00e1n D\u00edaz; la directora general del Colegio, Blanca Luz Mart\u00ednez Guzm\u00e1n, funcionariado p\u00fablico de este subsistema educativo, alumnas y alumnos, as\u00ed como, representantes de las empresas participantes.<\/p>\n\n\n\n<p>El tambi\u00e9n Coordinador del Grupo Parlamentario de Morena, resalt\u00f3, adem\u00e1s, la contribuci\u00f3n de las y los docentes quienes los guiaron acad\u00e9micamente, de igual forma, la apertura de las empresas y la dedicaci\u00f3n de sus familias.<\/p>\n\n\n\n<p>Las y los egresados se graduaron de las carreras de Electr\u00f3nica, Procesos de Gesti\u00f3n Administrativa, Desarrollo Organizacional, Dise\u00f1o Gr\u00e1fico Digital y Servicios de Hoteler\u00eda.&nbsp;<\/p>\n","protected":false},"excerpt":{"rendered":"<p>Redacci\u00f3n\/Zona Roja. Oaxaca, Oax., a 18 de junio de 2025.- El presidente de la Junta&hellip;<\/p>\n","protected":false},"author":2,"featured_media":81510,"comment_status":"closed","ping_status":"open","sticky":false,"template":"","format":"standard","meta":{"_lmt_disableupdate":"","_lmt_disable":"","_jetpack_memberships_contains_paid_content":false,"footnotes":""},"categories":[109,46],"tags":[3664,214],"class_list":["post-81509","post","type-post","status-publish","format-standard","has-post-thumbnail","hentry","category-minuto-a-minuto","category-zona-blanca","tag-benjamin-viveros-montalvo","tag-congreso-del-estado"],"jetpack_featured_media_url":"https:\/\/zonaroja.com.mx\/wp-content\/uploads\/2025\/06\/Dip.-Benjamin-Viveros-Montalvo_1.jpeg","jetpack_sharing_enabled":true,"_links":{"self":[{"href":"https:\/\/zonaroja.com.mx\/index.php?rest_route=\/wp\/v2\/posts\/81509","targetHints":{"allow":["GET"]}}],"collection":[{"href":"https:\/\/zonaroja.com.mx\/index.php?rest_route=\/wp\/v2\/posts"}],"about":[{"href":"https:\/\/zonaroja.com.mx\/index.php?rest_route=\/wp\/v2\/types\/post"}],"author":[{"embeddable":true,"href":"https:\/\/zonaroja.com.mx\/index.php?rest_route=\/wp\/v2\/users\/2"}],"replies":[{"embeddable":true,"href":"https:\/\/zonaroja.com.mx\/index.php?rest_route=%2Fwp%2Fv2%2Fcomments&post=81509"}],"version-history":[{"count":1,"href":"https:\/\/zonaroja.com.mx\/index.php?rest_route=\/wp\/v2\/posts\/81509\/revisions"}],"predecessor-version":[{"id":81511,"href":"https:\/\/zonaroja.com.mx\/index.php?rest_route=\/wp\/v2\/posts\/81509\/revisions\/81511"}],"wp:featuredmedia":[{"embeddable":true,"href":"https:\/\/zonaroja.com.mx\/index.php?rest_route=\/wp\/v2\/media\/81510"}],"wp:attachment":[{"href":"https:\/\/zonaroja.com.mx\/index.php?rest_route=%2Fwp%2Fv2%2Fmedia&parent=81509"}],"wp:term":[{"taxonomy":"category","embeddable":true,"href":"https:\/\/zonaroja.com.mx\/index.php?rest_route=%2Fwp%2Fv2%2Fcategories&post=81509"},{"taxonomy":"post_tag","embeddable":true,"href":"https:\/\/zonaroja.com.mx\/index.php?rest_route=%2Fwp%2Fv2%2Ftags&post=81509"}],"curies":[{"name":"wp","href":"https:\/\/api.w.org\/{rel}","templated":true}]}}