{"id":8151,"date":"2020-01-28T16:07:49","date_gmt":"2020-01-28T22:07:49","guid":{"rendered":"http:\/\/www.zonaroja.com.mx\/?p=8151"},"modified":"2020-01-28T16:07:51","modified_gmt":"2020-01-28T22:07:51","slug":"en-la-impunidad-asesinato-de-30-militantes-del-mult-exigiran-justicia","status":"publish","type":"post","link":"https:\/\/zonaroja.com.mx\/?p=8151","title":{"rendered":"En la impunidad, asesinato de 30 militantes del MULT; exigir\u00e1n justicia"},"content":{"rendered":"\n<p>Evlin Arag\u00f3n\/Zona Roja.<\/p>\n\n\n\n<p>Oaxaca de Ju\u00e1rez, Oax., 28 de enero de\n2020.- Al menos 30 casos de asesinatos de militantes del Movimiento de\nUnificaci\u00f3n y Lucha Triqui ocurridos en una d\u00e9cada, se mantienen en la\nimpunidad y no hay justicia.<\/p>\n\n\n\n<p>As\u00ed lo denunciaron integrantes de la\ndirigencia, al dar a conocer una movilizaci\u00f3n masiva para el pr\u00f3ximo domingo 2\nde febrero del mercado zonal de Santa Rosa hacia el z\u00f3calo de la ciudad de\nOaxaca, para exigir justicia.<\/p>\n\n\n\n<p>Rufino Merino Zaragoza, represente del\nMULT, critic\u00f3 la actuaci\u00f3n del fiscal General, Rub\u00e9n Vasconcelos M\u00e9ndez, que\ndijo no ha podido dar resultados contundentes en torno a la exigencia de\njusticia por cada uno de sus compa\u00f1eros ca\u00eddos, muchos asesinados por su\nvisible activismo.<\/p>\n\n\n\n<p>Expuso que claro ejemplo es el de\nHeriberto Pazos Ortiz, l\u00edder moral de la organizaci\u00f3n, en cuyo caso aunque hay\ndetenidos, no est\u00e1 clara la situaci\u00f3n y tampoco hay una resoluci\u00f3n contundente\nque derive en la justicia para sus deudos, pendiente desde hace ya diez a\u00f1os. <\/p>\n\n\n\n<p>\u201cNuestras demandas para esta\nmovilizaci\u00f3n son en torno a la justicia y obra social, hasta hoy no est\u00e1\nconcluido los temas de Heriberto Pazos Ortiz, desapariciones forzadas y otros\nasesinatos violentos de nuestros militantes, estamos preocupados por que la\ngente de las comunidades nos preguntan porque no hay justicia\u201d, dijo ante los\nmedios de comunicaci\u00f3n.<\/p>\n\n\n\n<p>Merino Zaragoza detall\u00f3 que tambi\u00e9n\nest\u00e1 pendiente el Acuerdo de Paz en la zona triqui,&nbsp; el cual se ha estado platicando con el\nsecretario de gobierno, Hector Anuar Mafud Mafud y lamentablemente no se ha\npodido concretar, a pesar de que tambi\u00e9n han acudido al di\u00e1logo con el\nsubsecretario de Derechos Humanos, Poblaci\u00f3n y Migraci\u00f3n de la Segob, Alejandro\nEncinas Rodr\u00edguez.<\/p>\n\n\n\n<p>Manifest\u00f3 que otras de las demandas que\nhar\u00e1n evidentes durante su movilizaci\u00f3n ser\u00e1 la presentaci\u00f3n con vida de desaparecidos,\nla libertad de sus presos pol\u00edticos, as\u00ed como la cancelaci\u00f3n de \u00f3rdenes de\naprehensi\u00f3n en contra de sus militantes. <\/p>\n\n\n\n<p>As\u00ed mismo el cumplimiento de las\ndiversas solicitudes de obra social en las comunidades donde tiene presencia el\nMULT, principalmente en torno a la construcci\u00f3n de caminos y carreteras\npendientes desde el 2016, raz\u00f3n por la que incluso hicieron el llamado al\ngobierno federal para que se asignen los recursos necesarios para la atenci\u00f3n\nde sus necesidades <\/p>\n","protected":false},"excerpt":{"rendered":"<p>Evlin Arag\u00f3n\/Zona Roja. Oaxaca de Ju\u00e1rez, Oax., 28 de enero de 2020.- Al menos 30&hellip;<\/p>\n","protected":false},"author":2,"featured_media":2973,"comment_status":"closed","ping_status":"open","sticky":false,"template":"","format":"standard","meta":{"_lmt_disableupdate":"","_lmt_disable":"","_jetpack_memberships_contains_paid_content":false,"footnotes":""},"categories":[109,47],"tags":[732],"class_list":["post-8151","post","type-post","status-publish","format-standard","has-post-thumbnail","hentry","category-minuto-a-minuto","category-zona-gris","tag-movimiento-de-unificacion-y-lucha-triqui"],"jetpack_featured_media_url":"https:\/\/zonaroja.com.mx\/wp-content\/uploads\/2019\/08\/MULT1.jpg","jetpack_sharing_enabled":true,"_links":{"self":[{"href":"https:\/\/zonaroja.com.mx\/index.php?rest_route=\/wp\/v2\/posts\/8151","targetHints":{"allow":["GET"]}}],"collection":[{"href":"https:\/\/zonaroja.com.mx\/index.php?rest_route=\/wp\/v2\/posts"}],"about":[{"href":"https:\/\/zonaroja.com.mx\/index.php?rest_route=\/wp\/v2\/types\/post"}],"author":[{"embeddable":true,"href":"https:\/\/zonaroja.com.mx\/index.php?rest_route=\/wp\/v2\/users\/2"}],"replies":[{"embeddable":true,"href":"https:\/\/zonaroja.com.mx\/index.php?rest_route=%2Fwp%2Fv2%2Fcomments&post=8151"}],"version-history":[{"count":1,"href":"https:\/\/zonaroja.com.mx\/index.php?rest_route=\/wp\/v2\/posts\/8151\/revisions"}],"predecessor-version":[{"id":8152,"href":"https:\/\/zonaroja.com.mx\/index.php?rest_route=\/wp\/v2\/posts\/8151\/revisions\/8152"}],"wp:featuredmedia":[{"embeddable":true,"href":"https:\/\/zonaroja.com.mx\/index.php?rest_route=\/wp\/v2\/media\/2973"}],"wp:attachment":[{"href":"https:\/\/zonaroja.com.mx\/index.php?rest_route=%2Fwp%2Fv2%2Fmedia&parent=8151"}],"wp:term":[{"taxonomy":"category","embeddable":true,"href":"https:\/\/zonaroja.com.mx\/index.php?rest_route=%2Fwp%2Fv2%2Fcategories&post=8151"},{"taxonomy":"post_tag","embeddable":true,"href":"https:\/\/zonaroja.com.mx\/index.php?rest_route=%2Fwp%2Fv2%2Ftags&post=8151"}],"curies":[{"name":"wp","href":"https:\/\/api.w.org\/{rel}","templated":true}]}}