{"id":81515,"date":"2025-06-19T07:15:34","date_gmt":"2025-06-19T13:15:34","guid":{"rendered":"https:\/\/zonaroja.com.mx\/?p=81515"},"modified":"2025-06-19T07:15:36","modified_gmt":"2025-06-19T13:15:36","slug":"huracan-erick-toco-tierra-en-pinotepa-oaxaca-en-categoria-3","status":"publish","type":"post","link":"https:\/\/zonaroja.com.mx\/?p=81515","title":{"rendered":"Hurac\u00e1n \u201cErick\u201d toc\u00f3 tierra en Pinotepa, Oaxaca en categor\u00eda 3"},"content":{"rendered":"\n<p>Redacci\u00f3n\/Zona Roja.<\/p>\n\n\n\n<p>Oaxaca, Oax., a 19 de junio de 2025.- A las 05:30&nbsp;horas de este jueves,&nbsp;tiempo del centro de&nbsp;M\u00e9xico,&nbsp;el centro de&nbsp;\u201cErick\u201d impact\u00f3&nbsp;como hurac\u00e1n categor\u00eda 3&nbsp;en la escala Saffir-Simpson,&nbsp;en&nbsp;Santiago Pinotepa Nacional, Oaxaca, con vientos m\u00e1ximos sostenidos de 205 kil\u00f3metros por hora (km\/h) y rachas de 250 km\/h. Mantiene su desplazamiento hacia el noroeste a 15 km\/h.<\/p>\n\n\n\n<p>La Comisi\u00f3n Nacional del Agua (Conagua) inform\u00f3 que a las 06:15 horas&nbsp;se localiz\u00f3 en tierra, aproximadamente a&nbsp;30&nbsp;kil\u00f3metros (km) al este de&nbsp;Punta Maldonado, Guerrero.<\/p>\n\n\n\n<p>Durante las pr\u00f3ximas horas,&nbsp;el cicl\u00f3n tropical&nbsp;ocasionar\u00e1&nbsp;lluvias&nbsp;torrenciales (de 150 a 250 mil\u00edmetros [mm]) en&nbsp;Guerrero y&nbsp;Oaxaca,&nbsp;intensas&nbsp;(de&nbsp;75 a&nbsp;150 mm) en Chiapas,&nbsp;sur de Veracruz y sur de Puebla, vientos&nbsp;sostenidos&nbsp;de&nbsp;180&nbsp;a 200 con&nbsp;rachas&nbsp;mayores a 220km\/h&nbsp;y oleaje de 8.0 a&nbsp;10.0 metros (m) de altura en costas de Oaxaca y Guerrero&nbsp;(oriente).<\/p>\n\n\n\n<p>As\u00ed como&nbsp;viento de 60 a 80 km\/h con&nbsp;rachas de 100 a 120 km\/h&nbsp;y oleaje de 4.0 a 5.0 m en costas de Chiapas. Los&nbsp;vientos se debilitar\u00e1n gradualmente,&nbsp;conforme se desplace por tierra.<\/p>\n\n\n\n<p>El Servicio Meteorol\u00f3gico Nacional (SMN), de la Conagua, en coordinaci\u00f3n con el Centro Nacional de Huracanes, de Estados Unidos de Am\u00e9rica, mantiene zona de prevenci\u00f3n por efectos de vientos de hurac\u00e1n desde Acapulco, Guerrero, hasta Puerto \u00c1ngel, Oaxaca.<\/p>\n\n\n\n<p>Zona de vigilancia por efectos de vientos de hurac\u00e1n desde el oeste de Acapulco hasta Tecpan de Galeana, Guerrero; zona de prevenci\u00f3n por efectos de vientos de tormenta tropical desde el este de Puerto \u00c1ngel hasta Salina Cruz, Oaxaca, y zona de prevenci\u00f3n por efectos de vientos de tormenta tropical desde el oeste de Acapulco hasta T\u00e9cpan de Galeana, Guerrero.<\/p>\n\n\n\n<p>Las precipitaciones podr\u00edan generar deslaves, incremento en niveles de r\u00edos y arroyos, as\u00ed como desbordamientos e inundaciones en zonas bajas de los estados mencionados, por lo que se exhorta a la poblaci\u00f3n a atender los avisos del SMN y seguir las recomendaciones de Protecci\u00f3n Civil.<\/p>\n","protected":false},"excerpt":{"rendered":"<p>Redacci\u00f3n\/Zona Roja. Oaxaca, Oax., a 19 de junio de 2025.- A las 05:30&nbsp;horas de este&hellip;<\/p>\n","protected":false},"author":2,"featured_media":81517,"comment_status":"closed","ping_status":"open","sticky":false,"template":"","format":"standard","meta":{"_lmt_disableupdate":"","_lmt_disable":"","_jetpack_memberships_contains_paid_content":false,"footnotes":""},"categories":[109,47],"tags":[4342],"class_list":["post-81515","post","type-post","status-publish","format-standard","has-post-thumbnail","hentry","category-minuto-a-minuto","category-zona-gris","tag-huracan-erick"],"jetpack_featured_media_url":"https:\/\/zonaroja.com.mx\/wp-content\/uploads\/2025\/06\/Huracan-Costa-Erick-Oaxaca.jpeg","jetpack_sharing_enabled":true,"_links":{"self":[{"href":"https:\/\/zonaroja.com.mx\/index.php?rest_route=\/wp\/v2\/posts\/81515","targetHints":{"allow":["GET"]}}],"collection":[{"href":"https:\/\/zonaroja.com.mx\/index.php?rest_route=\/wp\/v2\/posts"}],"about":[{"href":"https:\/\/zonaroja.com.mx\/index.php?rest_route=\/wp\/v2\/types\/post"}],"author":[{"embeddable":true,"href":"https:\/\/zonaroja.com.mx\/index.php?rest_route=\/wp\/v2\/users\/2"}],"replies":[{"embeddable":true,"href":"https:\/\/zonaroja.com.mx\/index.php?rest_route=%2Fwp%2Fv2%2Fcomments&post=81515"}],"version-history":[{"count":1,"href":"https:\/\/zonaroja.com.mx\/index.php?rest_route=\/wp\/v2\/posts\/81515\/revisions"}],"predecessor-version":[{"id":81518,"href":"https:\/\/zonaroja.com.mx\/index.php?rest_route=\/wp\/v2\/posts\/81515\/revisions\/81518"}],"wp:featuredmedia":[{"embeddable":true,"href":"https:\/\/zonaroja.com.mx\/index.php?rest_route=\/wp\/v2\/media\/81517"}],"wp:attachment":[{"href":"https:\/\/zonaroja.com.mx\/index.php?rest_route=%2Fwp%2Fv2%2Fmedia&parent=81515"}],"wp:term":[{"taxonomy":"category","embeddable":true,"href":"https:\/\/zonaroja.com.mx\/index.php?rest_route=%2Fwp%2Fv2%2Fcategories&post=81515"},{"taxonomy":"post_tag","embeddable":true,"href":"https:\/\/zonaroja.com.mx\/index.php?rest_route=%2Fwp%2Fv2%2Ftags&post=81515"}],"curies":[{"name":"wp","href":"https:\/\/api.w.org\/{rel}","templated":true}]}}