{"id":81522,"date":"2025-06-19T11:15:00","date_gmt":"2025-06-19T17:15:00","guid":{"rendered":"https:\/\/zonaroja.com.mx\/?p=81522"},"modified":"2025-06-19T07:51:39","modified_gmt":"2025-06-19T13:51:39","slug":"la-violencia-cobra-la-vida-de-39-mujeres-en-oaxaca-este-ano","status":"publish","type":"post","link":"https:\/\/zonaroja.com.mx\/?p=81522","title":{"rendered":"La violencia cobra la vida de 39 mujeres en Oaxaca este a\u00f1o"},"content":{"rendered":"\n<p>Lisbeth Mej\u00eda Reyes\/Zona Roja.<\/p>\n\n\n\n<p>Oaxaca, Oax., a 19 de junio de 2025.- Sus vidas les han sido arrebatadas principalmente con balas, como sucedi\u00f3 con &nbsp;la presidenta de San Mateo Pi\u00f1as, Lilia Gema Garc\u00eda Soto.&nbsp;<\/p>\n\n\n\n<p>Fueron al menos 60 los disparos con arma de fuego los que hizo un comando armado en el ataque donde tambi\u00e9n perdi\u00f3 la vida el agente de Agua Caliente, Gregorio Garc\u00eda Ruiz.<\/p>\n\n\n\n<p>Con Lilia, el estado de Oaxaca acumula al menos 39 asesinatos violentos de mujeres en lo que va del 2025 (hasta el 18 de junio), seg\u00fan el registro del Grupo de Estudios sobre la Mujer Rosario Castellanos (GES Mujer). De estas muertes, 25 (el 64 por ciento) han sido por impactos de balas.<\/p>\n\n\n\n<p>Las regiones Istmo de Tehuantepec y Valles Centrales son las que concentran la mayor incidencia, con el 23 y el 21 por ciento de los casos, respectivamente. Es decir, con 9 y 8 asesinatos de mujeres. Aunque la Costa, donde se han registrado 7 asesinatos, ocupa el tercer lugar (con el 18 por ciento).<\/p>\n\n\n\n<p>Las 39 mujeres asesinadas se suman, lamentablemente, a una estad\u00edstica que en la actual administraci\u00f3n estatal del gobernador Salom\u00f3n Jara Cruz (desde el 1 de diciembre de 2022) es de 243 casos de muerte violentas de mujeres.<\/p>\n\n\n\n<p>El \u00faltimo caso fue el asesinato de la presidenta municipal de San Mateo Pi\u00f1as, Lilia Gema Garc\u00eda Soto, y por el que la Fiscal\u00eda General del Estado de Oaxaca mantiene al menos cinco l\u00edneas de investigaci\u00f3n.&nbsp;<\/p>\n\n\n\n<p>La mayor\u00eda relacionadas con la oposici\u00f3n de Garc\u00eda Soto a los desv\u00edos de recursos y otros presuntos delitos, pues interpuso varias denuncias, entre ellas la del robo de 25 millones de pesos por parte del ex edil Tom\u00e1s Victorio Garc\u00eda, que eran para la recuperaci\u00f3n de la comunidad ante el paso del hurac\u00e1n \u00c1gatha, ocurrido en 2022.<\/p>\n\n\n\n<p>Pero el caso de Lilia, se\u00f1ala GES Mujer, no es un caso aislado sino \u00abparte de un patr\u00f3n estructural de violencia de g\u00e9nero expresado en su forma m\u00e1s brutal, reflejando que las mujeres en Oaxaca no est\u00e1n seguras, incluyendo a las que deciden ejercer su derecho a ocupar espacios pol\u00edticos para transformar sus comunidades\u00bb.<\/p>\n\n\n\n<p>Por este \u00faltimo asesinato, tanto la organizaci\u00f3n GES Mujer como Consorcio han coincido en que las mujeres en el poder enfrentan graves riesgos que han escalado hasta la muerte y por lo cual es necesario garantizar su seguridad y el ejercicio de sus cargos. Tambi\u00e9n llamaron a la Fiscal\u00eda General del Estado de Oaxaca y al gobernador Salom\u00f3n Jara a investigar el crimen y que este no quede impune.<\/p>\n\n\n\n<p>\u00abRomper con las estructuras hist\u00f3ricas de poder no solo implica enfrentar discriminaci\u00f3n, acoso o amenazas; tambi\u00e9n puede costar la vida\u00bb, se\u00f1alaba GES Mujer en su pronunciamiento.<\/p>\n","protected":false},"excerpt":{"rendered":"<p>Lisbeth Mej\u00eda Reyes\/Zona Roja. Oaxaca, Oax., a 19 de junio de 2025.- Sus vidas les&hellip;<\/p>\n","protected":false},"author":2,"featured_media":68569,"comment_status":"closed","ping_status":"open","sticky":false,"template":"","format":"standard","meta":{"_lmt_disableupdate":"","_lmt_disable":"","_jetpack_memberships_contains_paid_content":false,"footnotes":""},"categories":[109,47],"tags":[610],"class_list":["post-81522","post","type-post","status-publish","format-standard","has-post-thumbnail","hentry","category-minuto-a-minuto","category-zona-gris","tag-feminicidios-oaxaca"],"jetpack_featured_media_url":"https:\/\/zonaroja.com.mx\/wp-content\/uploads\/2024\/05\/Feminicidios-2.jpg.webp","jetpack_sharing_enabled":true,"_links":{"self":[{"href":"https:\/\/zonaroja.com.mx\/index.php?rest_route=\/wp\/v2\/posts\/81522","targetHints":{"allow":["GET"]}}],"collection":[{"href":"https:\/\/zonaroja.com.mx\/index.php?rest_route=\/wp\/v2\/posts"}],"about":[{"href":"https:\/\/zonaroja.com.mx\/index.php?rest_route=\/wp\/v2\/types\/post"}],"author":[{"embeddable":true,"href":"https:\/\/zonaroja.com.mx\/index.php?rest_route=\/wp\/v2\/users\/2"}],"replies":[{"embeddable":true,"href":"https:\/\/zonaroja.com.mx\/index.php?rest_route=%2Fwp%2Fv2%2Fcomments&post=81522"}],"version-history":[{"count":1,"href":"https:\/\/zonaroja.com.mx\/index.php?rest_route=\/wp\/v2\/posts\/81522\/revisions"}],"predecessor-version":[{"id":81523,"href":"https:\/\/zonaroja.com.mx\/index.php?rest_route=\/wp\/v2\/posts\/81522\/revisions\/81523"}],"wp:featuredmedia":[{"embeddable":true,"href":"https:\/\/zonaroja.com.mx\/index.php?rest_route=\/wp\/v2\/media\/68569"}],"wp:attachment":[{"href":"https:\/\/zonaroja.com.mx\/index.php?rest_route=%2Fwp%2Fv2%2Fmedia&parent=81522"}],"wp:term":[{"taxonomy":"category","embeddable":true,"href":"https:\/\/zonaroja.com.mx\/index.php?rest_route=%2Fwp%2Fv2%2Fcategories&post=81522"},{"taxonomy":"post_tag","embeddable":true,"href":"https:\/\/zonaroja.com.mx\/index.php?rest_route=%2Fwp%2Fv2%2Ftags&post=81522"}],"curies":[{"name":"wp","href":"https:\/\/api.w.org\/{rel}","templated":true}]}}