{"id":81524,"date":"2025-06-19T10:15:00","date_gmt":"2025-06-19T16:15:00","guid":{"rendered":"https:\/\/zonaroja.com.mx\/?p=81524"},"modified":"2025-06-19T08:01:19","modified_gmt":"2025-06-19T14:01:19","slug":"en-alerta-autoridades-de-santa-cruz-xoxocotlan-ante-lluvias","status":"publish","type":"post","link":"https:\/\/zonaroja.com.mx\/?p=81524","title":{"rendered":"En alerta, autoridades de Santa Cruz Xoxocotl\u00e1n, ante lluvias\u00a0"},"content":{"rendered":"\n<p>Redacci\u00f3n\/Zona Roja.<\/p>\n\n\n\n<p>Oaxaca, Oax., a 19 de junio de 2025. \u2013Con el prop\u00f3sito de fortalecer las acciones de coordinaci\u00f3n y prevenci\u00f3n de riesgos ante cualquier eventualidad, el gobierno municipal de Santa Cruz Xoxocotl\u00e1n, encabezado por la presidenta Nancy Ben\u00edtez Z\u00e1rate, instal\u00f3 ayer en Sesi\u00f3n Permanente el Consejo Municipal de Protecci\u00f3n Civil.<\/p>\n\n\n\n<p>Acompa\u00f1ada de integrantes de su Cabildo, as\u00ed como del director de Protecci\u00f3n Civil Municipal, C\u00e9sar Narv\u00e1ez Jarqu\u00edn, la edil destac\u00f3 que, a trav\u00e9s de este consejo, se coordinar\u00e1n esfuerzos para reforzar la capacidad de respuesta y salvaguarda de la poblaci\u00f3n ante cualquier situaci\u00f3n de emergencia que pueda presentarse.&nbsp;<\/p>\n\n\n\n<p>\u201cEste consejo tiene la finalidad de estar alerta ante cualquier fen\u00f3meno y atender de manera inmediata las necesidades que se presenten como \u00f3rgano de consulta y planeaci\u00f3n. Para nuestro gobierno, es una prioridad el brindar apoyo con inmediatez&nbsp;&nbsp;a la ciudadan\u00eda\u201d, puntualiz\u00f3 la edil.&nbsp;<\/p>\n\n\n\n<p>El Consejo de Protecci\u00f3n Civil est\u00e1 integrado por autoridades municipales, cuerpos de emergencia, representantes de salud, seguridad p\u00fablica y \u00e1reas t\u00e9cnicas.&nbsp;<\/p>\n\n\n\n<p>Adem\u00e1s, en el marco de estas acciones preventivas, el Gobierno Municipal ha llevado a cabo labores de desazolve, rehabilitaci\u00f3n del sistema de drenaje sanitario y limpieza de espacios p\u00fablicos, como parte de una estrategia integral frente a la temporada de lluvias.<\/p>\n\n\n\n<p>Con la instalaci\u00f3n de este \u00f3rgano, Santa Cruz Xoxocotl\u00e1n reafirma su visi\u00f3n de gobernar con empat\u00eda, responsabilidad y visi\u00f3n preventiva, construyendo d\u00eda a d\u00eda un municipio m\u00e1s seguro, solidario y preparado ante cualquier eventualidad.<\/p>\n","protected":false},"excerpt":{"rendered":"<p>Redacci\u00f3n\/Zona Roja. Oaxaca, Oax., a 19 de junio de 2025. \u2013Con el prop\u00f3sito de fortalecer&hellip;<\/p>\n","protected":false},"author":2,"featured_media":81525,"comment_status":"closed","ping_status":"open","sticky":false,"template":"","format":"standard","meta":{"_lmt_disableupdate":"","_lmt_disable":"","_jetpack_memberships_contains_paid_content":false,"footnotes":""},"categories":[109,46],"tags":[133],"class_list":["post-81524","post","type-post","status-publish","format-standard","has-post-thumbnail","hentry","category-minuto-a-minuto","category-zona-blanca","tag-santa-cruz-xoxocotlan"],"jetpack_featured_media_url":"https:\/\/zonaroja.com.mx\/wp-content\/uploads\/2025\/06\/Instalan-Consejo-Municipal-de-Proteccion-Civil-de-Xoxocotlan-1.jpeg","jetpack_sharing_enabled":true,"_links":{"self":[{"href":"https:\/\/zonaroja.com.mx\/index.php?rest_route=\/wp\/v2\/posts\/81524","targetHints":{"allow":["GET"]}}],"collection":[{"href":"https:\/\/zonaroja.com.mx\/index.php?rest_route=\/wp\/v2\/posts"}],"about":[{"href":"https:\/\/zonaroja.com.mx\/index.php?rest_route=\/wp\/v2\/types\/post"}],"author":[{"embeddable":true,"href":"https:\/\/zonaroja.com.mx\/index.php?rest_route=\/wp\/v2\/users\/2"}],"replies":[{"embeddable":true,"href":"https:\/\/zonaroja.com.mx\/index.php?rest_route=%2Fwp%2Fv2%2Fcomments&post=81524"}],"version-history":[{"count":1,"href":"https:\/\/zonaroja.com.mx\/index.php?rest_route=\/wp\/v2\/posts\/81524\/revisions"}],"predecessor-version":[{"id":81526,"href":"https:\/\/zonaroja.com.mx\/index.php?rest_route=\/wp\/v2\/posts\/81524\/revisions\/81526"}],"wp:featuredmedia":[{"embeddable":true,"href":"https:\/\/zonaroja.com.mx\/index.php?rest_route=\/wp\/v2\/media\/81525"}],"wp:attachment":[{"href":"https:\/\/zonaroja.com.mx\/index.php?rest_route=%2Fwp%2Fv2%2Fmedia&parent=81524"}],"wp:term":[{"taxonomy":"category","embeddable":true,"href":"https:\/\/zonaroja.com.mx\/index.php?rest_route=%2Fwp%2Fv2%2Fcategories&post=81524"},{"taxonomy":"post_tag","embeddable":true,"href":"https:\/\/zonaroja.com.mx\/index.php?rest_route=%2Fwp%2Fv2%2Ftags&post=81524"}],"curies":[{"name":"wp","href":"https:\/\/api.w.org\/{rel}","templated":true}]}}