{"id":81531,"date":"2025-06-19T10:54:00","date_gmt":"2025-06-19T16:54:00","guid":{"rendered":"https:\/\/zonaroja.com.mx\/?p=81531"},"modified":"2025-06-19T08:55:18","modified_gmt":"2025-06-19T14:55:18","slug":"hay-avances-gobierno-seccion-22-pero-siguen-pendientes","status":"publish","type":"post","link":"https:\/\/zonaroja.com.mx\/?p=81531","title":{"rendered":"Hay avances gobierno-Secci\u00f3n 22; pero siguen pendientes"},"content":{"rendered":"\n<p>Ismael Garc\u00eda M.\/Zona Roja.<\/p>\n\n\n\n<p>Oaxaca, Oax., a 19 de junio de 2025.- Luego de cerca de 10 horas, poco despu\u00e9s de las 22:00 horas concluy\u00f3 la mesa de trabajo entre los gobiernos estatal y federal y la Secci\u00f3n 22 del SNTE.<\/p>\n\n\n\n<p>Sin embargo, aunque hubo avances, no se tomaron en cuenta todos los 79 puntos del pliego petitorio, por lo cual las reuniones deber\u00e1n continuar, consider\u00f3 la secretaria General del gremio, Yenny Aracely P\u00e9rez Mart\u00ednez, quien reconoci\u00f3 que tampoco se abordo el tema de la abrogaci\u00f3n de la Ley del ISSSTE.<\/p>\n\n\n\n<p>El encuentro se efectu\u00f3 desde la ma\u00f1ana de ayer en la sede del Centro Cultural y de Convenciones de Oaxaca, en Santa Luc\u00eda del Camino, para lo cual un grupo de docentes bloque\u00f3 un tramo de la avenida L\u00e1zaro C\u00e1rdenas.<\/p>\n\n\n\n<p>Al t\u00e9rmino, la dirigencia sindical ley\u00f3 algunos de los acuerdos, entre los que se encuentran que, a m\u00e1s tardar el 31 de julio quedar\u00e1n concluidos los procesos administrativos relacionados con recategorizaciones, basificaciones, incidencias, reubicaciones y reconocimiento de horas laborales o no pagadas.<\/p>\n\n\n\n<p>Se les inform\u00f3 tambi\u00e9n que hasta el pr\u00f3ximo ciclo escolar ser\u00e1n liberados los 800 millones de pesos, a trav\u00e9s de la Secretar\u00eda de Hacienda, para atender diversas demandas de equipamiento.<\/p>\n\n\n\n<p>Se logr\u00f3 igualmente que se reconozcan los movimientos escalafonarios por ejemplo de PAAE a docente; tambi\u00e9n a niveles de directores, subdirectores, supervisores o jefes de sector, a m\u00e1s tardar en agosto.<\/p>\n\n\n\n<p>Igualmente la SEP se comprometi\u00f3 a emitir al 31 de julio el acuerdo espec\u00edfico para reconocer las condiciones culturales y regionales, que incluya complementarios como la lengua ind\u00edgena.<\/p>\n\n\n\n<p>Tambi\u00e9n, la dependencia federal educativa convino en que, a trav\u00e9s de la USICAM, se flexibilicen los procesos administrativos para ingresos, promoci\u00f3n y recategorizaci\u00f3n y asignaci\u00f3n de horas necesarias.<\/p>\n\n\n\n<p>El director del ISSSTE se comprometi\u00f3 a iniciar la obra del hospital regional \u2014en San Lorenzo Cacaotepec\u2014 a m\u00e1s tardar el 15 de agosto pr\u00f3ximo.<\/p>\n\n\n\n<p>Asimismo, el gobierno federal se comprometi\u00f3 a cubrir el pago de energ\u00eda el\u00e9ctrica a las escuelas del nivel b\u00e1sico, donde cubren docentes de la Secci\u00f3n 22 del SNTE.<\/p>\n\n\n\n<p>A finales de enero de 2026 se comenzar\u00e1 entrega de recursos para entrega de uniformes y en septiembre pr\u00f3ximo se comenzar\u00e1 con el registro de alumnos de nuevo ingreso.<\/p>\n\n\n\n<p>En tanto, el gobierno estatal se comprometi\u00f3 a instalar, la pr\u00f3xima semana, una mesa con el Congreso de Oaxaca y el magisterio, para analizar la Ley Estatal de Educaci\u00f3n.<\/p>\n\n\n\n<p>\u201cNo m\u00e1s mesas dilatorias, la demanda central sigue con la exigencia de la abrogaci\u00f3n de la Ley del ISSSTE; la continuaci\u00f3n de las mesas no respondieron todos los puntos de los 79 que tenemos; que se siga retomando la mesa, que todos los puntos tengan la atenci\u00f3n que requiere\u201d, recalc\u00f3 Yenny Aracely P\u00e9rez Mart\u00ednez.<\/p>\n\n\n\n<figure class=\"wp-block-embed is-type-rich is-provider-twitter wp-block-embed-twitter\"><div class=\"wp-block-embed__wrapper\">\n<div class=\"twitter-tweet\"><blockquote class=\"twitter-tweet\" data-lang=\"es\"><p lang=\"es\" dir=\"ltr\">Poco despu\u00e9s de las 22:00 horas de ayer concluy\u00f3 la reuni\u00f3n entre la Secci\u00f3n 22 del SNTE, el gobierno de Oaxaca y el gobierno federal, efectuada desde la ma\u00f1ana del mi\u00e9rcoles en el Centro Cultural y de Convenciones.<br>Estos son los acuerdos alcanzados, le\u00eddos anoche por la\u2026 <a href=\"https:\/\/t.co\/W6QNIj4FOc\">pic.twitter.com\/W6QNIj4FOc<\/a><\/p>&mdash; Zona Roja Oaxaca (@ZonaRoja_Oaxaca) <a href=\"https:\/\/twitter.com\/ZonaRoja_Oaxaca\/status\/1935707912078332329?ref_src=twsrc%5Etfw\">19 de junio de 2025<\/a><\/blockquote><\/div>\n<\/div><\/figure>\n","protected":false},"excerpt":{"rendered":"<p>Ismael Garc\u00eda M.\/Zona Roja. Oaxaca, Oax., a 19 de junio de 2025.- Luego de cerca&hellip;<\/p>\n","protected":false},"author":2,"featured_media":81528,"comment_status":"closed","ping_status":"open","sticky":false,"template":"","format":"standard","meta":{"_lmt_disableupdate":"","_lmt_disable":"","_jetpack_memberships_contains_paid_content":false,"footnotes":""},"categories":[109,46],"tags":[312],"class_list":["post-81531","post","type-post","status-publish","format-standard","has-post-thumbnail","hentry","category-minuto-a-minuto","category-zona-blanca","tag-seccion-22-del-snte"],"jetpack_featured_media_url":"https:\/\/zonaroja.com.mx\/wp-content\/uploads\/2025\/06\/Reunion-Seccion-22-con-gobierno.jpg","jetpack_sharing_enabled":true,"_links":{"self":[{"href":"https:\/\/zonaroja.com.mx\/index.php?rest_route=\/wp\/v2\/posts\/81531","targetHints":{"allow":["GET"]}}],"collection":[{"href":"https:\/\/zonaroja.com.mx\/index.php?rest_route=\/wp\/v2\/posts"}],"about":[{"href":"https:\/\/zonaroja.com.mx\/index.php?rest_route=\/wp\/v2\/types\/post"}],"author":[{"embeddable":true,"href":"https:\/\/zonaroja.com.mx\/index.php?rest_route=\/wp\/v2\/users\/2"}],"replies":[{"embeddable":true,"href":"https:\/\/zonaroja.com.mx\/index.php?rest_route=%2Fwp%2Fv2%2Fcomments&post=81531"}],"version-history":[{"count":1,"href":"https:\/\/zonaroja.com.mx\/index.php?rest_route=\/wp\/v2\/posts\/81531\/revisions"}],"predecessor-version":[{"id":81532,"href":"https:\/\/zonaroja.com.mx\/index.php?rest_route=\/wp\/v2\/posts\/81531\/revisions\/81532"}],"wp:featuredmedia":[{"embeddable":true,"href":"https:\/\/zonaroja.com.mx\/index.php?rest_route=\/wp\/v2\/media\/81528"}],"wp:attachment":[{"href":"https:\/\/zonaroja.com.mx\/index.php?rest_route=%2Fwp%2Fv2%2Fmedia&parent=81531"}],"wp:term":[{"taxonomy":"category","embeddable":true,"href":"https:\/\/zonaroja.com.mx\/index.php?rest_route=%2Fwp%2Fv2%2Fcategories&post=81531"},{"taxonomy":"post_tag","embeddable":true,"href":"https:\/\/zonaroja.com.mx\/index.php?rest_route=%2Fwp%2Fv2%2Ftags&post=81531"}],"curies":[{"name":"wp","href":"https:\/\/api.w.org\/{rel}","templated":true}]}}