{"id":81535,"date":"2025-06-19T17:19:47","date_gmt":"2025-06-19T23:19:47","guid":{"rendered":"https:\/\/zonaroja.com.mx\/?p=81535"},"modified":"2025-06-19T17:19:49","modified_gmt":"2025-06-19T23:19:49","slug":"reportan-primeros-danos-causados-por-el-huracan-erick-en-oaxaca","status":"publish","type":"post","link":"https:\/\/zonaroja.com.mx\/?p=81535","title":{"rendered":"Reportan primeros da\u00f1os causados por el hurac\u00e1n \u201cErick\u201d en Oaxaca"},"content":{"rendered":"\n<p>Redacci\u00f3n\/Zona Roja.<\/p>\n\n\n\n<p>Oaxaca, Oax., a 19 de junio de 2025.- En la sesi\u00f3n permanente del Consejo Estatal de Protecci\u00f3n Civil, el gobernador Salom\u00f3n Jara Cruz inform\u00f3 que, hasta el momento, no hay reporte de personas lesionadas ni fallecidas, luego de que el hurac\u00e1n \u201cErick\u201d con categor\u00eda 3 tocara tierra en Corralero, Santiago Pinotepa Nacional.&nbsp;<\/p>\n\n\n\n<p>Expuso que solo se tiene registro de da\u00f1os a las infraestructuras de caminos, electricidad, salud y viviendas, los cuales ya son atendidos a trav\u00e9s de diversas instituciones y dependencias estatales y federales.&nbsp;<\/p>\n\n\n\n<p>En este sentido, el mandatario estatal anunci\u00f3 que realizar\u00e1 recorridos de supervisi\u00f3n en Villa Tututepec de Melchor Ocampo, Santiago Jamiltepec, San Andr\u00e9s Huaxpaltepec, Santa Mar\u00eda Huazolotitl\u00e1n y Santiago Pinotepa Nacional, municipios que cuentan con mayores afectaciones.&nbsp;<\/p>\n\n\n\n<p>En el balance del Comit\u00e9 para la Evaluaci\u00f3n de Da\u00f1os y del Comit\u00e9 Estatal para la Atenci\u00f3n de la Emergencia, Servicios de Salud de Oaxaca (SSO) report\u00f3 que no hay registro de ninguna persona lesionada ni de brotes epidemiol\u00f3gicos; sin embargo, la dotaci\u00f3n de medicamentos se suple con nueve kits de desastres que se entregan a trav\u00e9s de tres brigadas de la Jurisdicci\u00f3n Sanitaria en la Costa y dos de la Unidad de Inteligencia Epidemiol\u00f3gica.<\/p>\n\n\n\n<p>Los hospitales de Puerto Escondido y R\u00edo Grande, as\u00ed como el Centro de Salud con Servicios Ampliado de Santa Mar\u00eda Huatulco presentan inundaciones y encharcamientos que ya son atendidos. Tambi\u00e9n se da seguimiento a la falla de la planta de emergencia del nosocomio de Santos Reyes Nopala.&nbsp;<\/p>\n\n\n\n<p>Asimismo, IMSS-Bienestar comunic\u00f3 que el hospital de Pinotepa Nacional presenta severos da\u00f1os y los ocho nosocomios del Istmo de Tehuantepec tienen filtraciones, sin ninguna inundaci\u00f3n ni pacientes afectados.&nbsp;<\/p>\n\n\n\n<p>DA\u00d1OS A CARRETERAS<\/p>\n\n\n\n<p>Por otro lado, la supercarretera Barranca Larga-Ventanilla contin\u00faa cerrada en el kil\u00f3metro (km) 66 y la v\u00eda Mitla-Tehuantepec en el km 9, ambas son coordinadas por la Secretar\u00eda de Infraestructura, Comunicaciones y Transportes (SICT) de M\u00e9xico y Caminos y Puentes Federales (Capufe) para su liberaci\u00f3n y pronta apertura.&nbsp;<\/p>\n\n\n\n<p>En tanto, la carretera federal 200 a la altura de la costa chica se encuentra cerrada en varios tramos por derrumbes. Tambi\u00e9n, algunos tramos de la v\u00eda Puerto Escondido-Salina Cruz se encuentran inestables.<\/p>\n\n\n\n<p>La Secretar\u00eda de Infraestructuras y Comunicaci\u00f3n (SIC) inform\u00f3 que no hay servicio de energ\u00eda el\u00e9ctrica en Pinotepa Nacional y en la localidad de R\u00edo Grande de Tututepec; no obstante, personal de la Comisi\u00f3n Federal de Electricidad (CFE) trabaja para restablecerlo. Adem\u00e1s, cuenta con retroexcavadoras, excavadoras y volteos en la regi\u00f3n para dar atenci\u00f3n a los da\u00f1os.&nbsp;<\/p>\n\n\n\n<p>ALBERGUES<\/p>\n\n\n\n<p>La Secretar\u00eda de Gobierno (Sego) dio a conocer que se han habilitado 351 refugios temporales, de los cuales 194 se encuentran en la Costa. Hasta el momento, 180 personas han sido evacuadas y alojadas en estos espacios.&nbsp;<\/p>\n\n\n\n<p>La Comisi\u00f3n Estatal del Agua para el Bienestar (Ceabien) indic\u00f3 que algunos pozos de Salina Cruz, El Espinal y la Heroica Ciudad de Juchit\u00e1n de Zaragoza presentan afectaciones por falta de energ\u00eda el\u00e9ctrica, la infraestructura est\u00e1 estable. Asimismo, hay una ligera afectaci\u00f3n en un manantial de Santo Domingo Zanatepec que es atendida por una brigada de la dependencia.&nbsp;<\/p>\n\n\n\n<p>De acuerdo con la Comisi\u00f3n Nacional del Agua (Conagua) no hay desbordamientos de r\u00edos; sin embargo, se contin\u00faa con el monitoreo. Adicionalmente, puso a disposici\u00f3n cuatro pipas y seis plantas potabilizadoras para el momento que se requieran.&nbsp;<\/p>\n\n\n\n<p>VUELOS SUSPENDIDOS<\/p>\n\n\n\n<p>La Secretar\u00eda de Turismo (Sectur Oaxaca) agreg\u00f3 que, debido a las condiciones climatol\u00f3gicas, este mi\u00e9rcoles 18 y jueves 19 de junio, el Aeropuerto Internacional de Puerto Escondido suspendi\u00f3 16 llegadas e igual n\u00famero de salidas, con un estimado de 6 mil 48 personas pasajeras afectadas que se dirigir\u00e1n o proced\u00edan de Guadalajara, Ciudad de M\u00e9xico y el Aeropuerto Internacional Felipe \u00c1ngeles (AIFA).&nbsp;<\/p>\n\n\n\n<p>Mientras que, en el Aeropuerto Internacional de Bah\u00edas de Huatulco fueron 10 llegadas y 11 salidas con destinos y llegada de Ciudad de M\u00e9xico, Guadalajara, Monterrey y el AIFA; con 3 mil 24 personas viajeras afectadas. En tanto que, en la terminal a\u00e9rea de Oaxaca este jueves se cancel\u00f3 solo un vuelo con destino y llegada a Tijuana.<\/p>\n\n\n\n<p>Aunado a ello, en la playa Manzanillo, Puerto Escondido resultaron afectados 15 restaurantes y ocho en la playa Pante\u00f3n, Puerto \u00c1ngel.<\/p>\n\n\n\n<p>El Sistema para el Desarrollo Integral de la Familia (DIF) Oaxaca se encuentra en la zona para la distribuci\u00f3n de v\u00edveres para las personas afectadas.&nbsp;<\/p>\n\n\n\n<p>La Coordinaci\u00f3n Estatal de Protecci\u00f3n Civil y Gesti\u00f3n de Riesgo (CEPCyGR) atendi\u00f3 el reporte de inundaciones severas y solicitud de evacuaci\u00f3n de habitantes a zonas secas de las localidades Collantes, Guadalupe, M\u00e1rtires de Tacubaya y Llano Grande.&nbsp;<\/p>\n\n\n\n<p>Tambi\u00e9n se instalar\u00e1 un Centro de Recepci\u00f3n de Evaluaci\u00f3n de Da\u00f1os y Actualizaci\u00f3n de Necesidades en Puerto Escondido, para que personal de Protecci\u00f3n civil reciba los reportes de las autoridades municipales.&nbsp;<\/p>\n\n\n\n<p>DESPLIEGUE DE SEDENA<\/p>\n\n\n\n<p>La Secretar\u00eda de la Defensa Nacional (Defensa) report\u00f3 el despliegue de 170 elementos del Ej\u00e9rcito Mexicano y 26 veh\u00edculos; para atender las contingencias que se susciten entre San Pedro Pochutla y Puerto Escondido; adem\u00e1s, destacamentaron a 70 elementos del Ej\u00e9rcito y 120 de la Guardia Nacional (GN) quienes cubren entre Puerto Escondido y Pinotepa Nacional. Todo este personal implementa acciones de la fase de auxilio a la poblaci\u00f3n.&nbsp;<\/p>\n\n\n\n<p>En tanto, la Secretar\u00eda de Marina (Semar) implement\u00f3 un estado de fuerza de 6 mil elementos, quienes est\u00e1n dispersados en la franja costera de Chiapas y Oaxaca. Espec\u00edficamente en Santa Mar\u00eda Huatulco y Salina Cruz se encuentran 100 marinos y 88 en Pinotepa Nacional.&nbsp;<\/p>\n\n\n\n<p>En este \u00faltimo punto, que es donde toc\u00f3 tierra el hurac\u00e1n \u201cErick\u201d se dispone de un cami\u00f3n volteo, una ambulancia con personal sanitario, camioneta de redilas, planta potabilizadora, dos cocinetas m\u00f3viles, planta el\u00e9ctrica, 2 camiones frigor\u00edficos, 3 drones para la supervisi\u00f3n \u00e1rea de da\u00f1os. En el mar, hay 6 buques, 2 patrullas costeras, 4 interceptoras, 2 embarcaciones del tipo ribere\u00f1as para b\u00fasqueda y rescate.<\/p>\n\n\n\n<p>La GN inform\u00f3 que cuenta con 350 elementos desplegados entre Pinotepa Nacional y R\u00edo Grande, as\u00ed como 150 en Puerto Escondido, 50 en Huatulco y 50 en Pochutla; Todos han sido instruidos para cooperar en las actividades de restauraci\u00f3n y recuperaci\u00f3n, as\u00ed como para auxiliar a la poblaci\u00f3n civil afectada. Adem\u00e1s, realizan patrullajes y recorridos en las zonas pobladas con el fin de verificar las afectaciones ocasionadas por el hurac\u00e1n \u201cErik\u201d.<\/p>\n","protected":false},"excerpt":{"rendered":"<p>Redacci\u00f3n\/Zona Roja. Oaxaca, Oax., a 19 de junio de 2025.- En la sesi\u00f3n permanente del&hellip;<\/p>\n","protected":false},"author":2,"featured_media":81516,"comment_status":"closed","ping_status":"open","sticky":false,"template":"","format":"standard","meta":{"_lmt_disableupdate":"","_lmt_disable":"","_jetpack_memberships_contains_paid_content":false,"footnotes":""},"categories":[109,47],"tags":[4342],"class_list":["post-81535","post","type-post","status-publish","format-standard","has-post-thumbnail","hentry","category-minuto-a-minuto","category-zona-gris","tag-huracan-erick"],"jetpack_featured_media_url":"https:\/\/zonaroja.com.mx\/wp-content\/uploads\/2025\/06\/Huracan-Oaxaca-Erick.jpeg","jetpack_sharing_enabled":true,"_links":{"self":[{"href":"https:\/\/zonaroja.com.mx\/index.php?rest_route=\/wp\/v2\/posts\/81535","targetHints":{"allow":["GET"]}}],"collection":[{"href":"https:\/\/zonaroja.com.mx\/index.php?rest_route=\/wp\/v2\/posts"}],"about":[{"href":"https:\/\/zonaroja.com.mx\/index.php?rest_route=\/wp\/v2\/types\/post"}],"author":[{"embeddable":true,"href":"https:\/\/zonaroja.com.mx\/index.php?rest_route=\/wp\/v2\/users\/2"}],"replies":[{"embeddable":true,"href":"https:\/\/zonaroja.com.mx\/index.php?rest_route=%2Fwp%2Fv2%2Fcomments&post=81535"}],"version-history":[{"count":1,"href":"https:\/\/zonaroja.com.mx\/index.php?rest_route=\/wp\/v2\/posts\/81535\/revisions"}],"predecessor-version":[{"id":81536,"href":"https:\/\/zonaroja.com.mx\/index.php?rest_route=\/wp\/v2\/posts\/81535\/revisions\/81536"}],"wp:featuredmedia":[{"embeddable":true,"href":"https:\/\/zonaroja.com.mx\/index.php?rest_route=\/wp\/v2\/media\/81516"}],"wp:attachment":[{"href":"https:\/\/zonaroja.com.mx\/index.php?rest_route=%2Fwp%2Fv2%2Fmedia&parent=81535"}],"wp:term":[{"taxonomy":"category","embeddable":true,"href":"https:\/\/zonaroja.com.mx\/index.php?rest_route=%2Fwp%2Fv2%2Fcategories&post=81535"},{"taxonomy":"post_tag","embeddable":true,"href":"https:\/\/zonaroja.com.mx\/index.php?rest_route=%2Fwp%2Fv2%2Ftags&post=81535"}],"curies":[{"name":"wp","href":"https:\/\/api.w.org\/{rel}","templated":true}]}}