{"id":81537,"date":"2025-06-19T18:41:30","date_gmt":"2025-06-20T00:41:30","guid":{"rendered":"https:\/\/zonaroja.com.mx\/?p=81537"},"modified":"2025-06-19T18:41:32","modified_gmt":"2025-06-20T00:41:32","slug":"la-literatura-ha-sido-mirarme-a-traves-de-estos-espejos-que-son-los-otros-personajes","status":"publish","type":"post","link":"https:\/\/zonaroja.com.mx\/?p=81537","title":{"rendered":"\u00abLa literatura ha sido mirarme a trav\u00e9s de estos espejos que son los otros personajes\u00bb"},"content":{"rendered":"\n<p>Lisbeth Mej\u00eda Reyes\/Zona Roja.<\/p>\n\n\n\n<p>Oaxaca, Oax., a 19 de junio de 2025.- Para Karina Sosa Casta\u00f1eda (Oaxaca, 1987), la literatura ha sido una manera de responderse preguntas, de indagar c\u00f3mo se mira a trav\u00e9s de los otros y qui\u00e9n es a partir de las relaciones con su madre y su padre.&nbsp;<\/p>\n\n\n\n<p>En este mes se cumple el a\u00f1o del lanzamiento de \u00abOrfandad\u00bb, la novela que public\u00f3 con el sello Random House Mondadori.&nbsp;<\/p>\n\n\n\n<p>A prop\u00f3sito del aniversario del libro y de los 19 a\u00f1os del movimiento pol\u00edtico-social que narra en la trama, Sosa cuenta que ha experimentado un reto muy intenso, pues es hablar de una historia que es personal, \u00abpero que al mismo tiempo se convierte en una ficci\u00f3n colectiva y refleja un momento de la historia de M\u00e9xico, particularmente de Oaxaca\u00bb.<\/p>\n\n\n\n<p>Esta es la segunda novela de la autora oaxaque\u00f1a. La primera fue \u00abCaballo fantasma\u00bb, publicada por Almad\u00eda en el 2020 y con la que gan\u00f3 el Premio Primera Novela 2021, impulsado por la Secretar\u00eda de Cultura federal y Amazon M\u00e9xico.<\/p>\n\n\n\n<p>Por ahora, Karina considera que este es un momento feliz para ella y su escritura, de seguir pensando en nuevas posibilidades para las preguntas que tiene sobre el mundo y responderlas a trav\u00e9s de los libros.<\/p>\n\n\n\n<p>\u00abCreo que la literatura en mi caso ha sido mirarme a trav\u00e9s de estos espejos que son los otros personajes, c\u00f3mo nos miran los otros. Esa pregunta es la que m\u00e1s me ha ocupado en lo que escribo.&nbsp;<\/p>\n\n\n\n<p>\u201cSiempre me ha parecido curioso lo que piensan los otros, cuando no estamos, sobre nosotros. Tal vez porque soy una mujer muy insegura, siempre estoy pensando c\u00f3mo me miran los otros y creo que \u2018Caballo fantasma\u2019 y \u2018Orfandad\u2019 comulgan un poco o se juntan en esa idea de qui\u00e9nes somos ante el mundo\u00bb.<\/p>\n\n\n\n<p>En su primer a novela, Karina buscaba responder \u00abqui\u00e9n es un hija frente a una madre a la que no conoce, con la que nunca tiene trato\u00bb. En \u00abOrfandad\u00bb, se centra en \u00abqui\u00e9n es una hija frente a un padre que tambi\u00e9n est\u00e1 ocupado en muchas otras cosas mientras su casa se desgaja, se cae.&nbsp;<\/p>\n\n\n\n<p>Y c\u00f3mo las estructuras de poder, la familia, el Estado, el amor, se rompen y se transforman en otra cosa. Estas preguntas han sido muy interesantes para m\u00ed y han sido el centro de lo que intento hacer con lo que escribo\u00bb, cuenta la escritora.<\/p>\n\n\n\n<p>Actualmente, Karina contin\u00faa en la promoci\u00f3n de su segunda novela, la que presentar\u00e1 este 19 de junio, en la librer\u00eda La Malinche, en Barcelona, Espa\u00f1a.&nbsp;<\/p>\n\n\n\n<p>El libro es parte del circuito Mapa de las lenguas 2025 de la editorial, en el que est\u00e1n promover algunos t\u00edtulos publicados en espa\u00f1ol en m\u00e1s de 20 pa\u00edses de habla hispana. Fueron dos libros de M\u00e9xico los escogidos, el de Sosa Casta\u00f1eda y \u00abEste cuerpo es m\u00edo\u00bb, de Uri Bleier.<\/p>\n\n\n\n<p>\u00abMe parece importante que en otros pa\u00edses se conozca esta memoria, que se recuerde y se genere una peque\u00f1a memoria de lo que ocurri\u00f3 ah\u00ed (en Oaxaca y M\u00e9xico)\u00bb, cuenta Karina Sosa sobre la historia de \u00abOrfandad\u00bb.<\/p>\n\n\n\n<p><\/p>\n","protected":false},"excerpt":{"rendered":"<p>Lisbeth Mej\u00eda Reyes\/Zona Roja. Oaxaca, Oax., a 19 de junio de 2025.- Para Karina Sosa&hellip;<\/p>\n","protected":false},"author":2,"featured_media":81538,"comment_status":"closed","ping_status":"open","sticky":false,"template":"","format":"standard","meta":{"_lmt_disableupdate":"","_lmt_disable":"","_jetpack_memberships_contains_paid_content":false,"footnotes":""},"categories":[109,46],"tags":[2870],"class_list":["post-81537","post","type-post","status-publish","format-standard","has-post-thumbnail","hentry","category-minuto-a-minuto","category-zona-blanca","tag-karina-sosa-castaneda"],"jetpack_featured_media_url":"https:\/\/zonaroja.com.mx\/wp-content\/uploads\/2025\/06\/Karina-Sosa.jpg","jetpack_sharing_enabled":true,"_links":{"self":[{"href":"https:\/\/zonaroja.com.mx\/index.php?rest_route=\/wp\/v2\/posts\/81537","targetHints":{"allow":["GET"]}}],"collection":[{"href":"https:\/\/zonaroja.com.mx\/index.php?rest_route=\/wp\/v2\/posts"}],"about":[{"href":"https:\/\/zonaroja.com.mx\/index.php?rest_route=\/wp\/v2\/types\/post"}],"author":[{"embeddable":true,"href":"https:\/\/zonaroja.com.mx\/index.php?rest_route=\/wp\/v2\/users\/2"}],"replies":[{"embeddable":true,"href":"https:\/\/zonaroja.com.mx\/index.php?rest_route=%2Fwp%2Fv2%2Fcomments&post=81537"}],"version-history":[{"count":1,"href":"https:\/\/zonaroja.com.mx\/index.php?rest_route=\/wp\/v2\/posts\/81537\/revisions"}],"predecessor-version":[{"id":81539,"href":"https:\/\/zonaroja.com.mx\/index.php?rest_route=\/wp\/v2\/posts\/81537\/revisions\/81539"}],"wp:featuredmedia":[{"embeddable":true,"href":"https:\/\/zonaroja.com.mx\/index.php?rest_route=\/wp\/v2\/media\/81538"}],"wp:attachment":[{"href":"https:\/\/zonaroja.com.mx\/index.php?rest_route=%2Fwp%2Fv2%2Fmedia&parent=81537"}],"wp:term":[{"taxonomy":"category","embeddable":true,"href":"https:\/\/zonaroja.com.mx\/index.php?rest_route=%2Fwp%2Fv2%2Fcategories&post=81537"},{"taxonomy":"post_tag","embeddable":true,"href":"https:\/\/zonaroja.com.mx\/index.php?rest_route=%2Fwp%2Fv2%2Ftags&post=81537"}],"curies":[{"name":"wp","href":"https:\/\/api.w.org\/{rel}","templated":true}]}}