{"id":81543,"date":"2025-06-19T21:52:01","date_gmt":"2025-06-20T03:52:01","guid":{"rendered":"https:\/\/zonaroja.com.mx\/?p=81543"},"modified":"2025-06-19T21:52:03","modified_gmt":"2025-06-20T03:52:03","slug":"pijy-lo-unico-que-me-mueve-es-lo-que-me-corresponde-por-derecho-justicia","status":"publish","type":"post","link":"https:\/\/zonaroja.com.mx\/?p=81543","title":{"rendered":"Pijy: \u00abLo \u00fanico que me mueve es lo que me corresponde por derecho: justicia\u00bb"},"content":{"rendered":"\n<p>Lisbeth Mej\u00eda Reyes\/Zona Roja.<\/p>\n\n\n\n<p>Oaxaca, Oax., a 19 de junio de 2025.- A Pijy, nada le gustar\u00eda m\u00e1s que dejar el pasado, retomar su vida y dedicarse a lo que m\u00e1s le gusta. \u00abPero mientras la justicia no llegue\u00bb, seguir\u00e1 exigiendo lo que por derecho le corresponde.&nbsp;<\/p>\n\n\n\n<p>A pesar de las amenazas en su contra, la joven ayuuk (mixe) advierte que no se detendr\u00e1 hasta llegar al fondo del asunto y que si algo le ocurre a ella o a sus cercanos, los responsables ser\u00e1n su agresor, Pl\u00e1cido N., y la familia de este.<\/p>\n\n\n\n<p>\u00abLo \u00fanico que me mueve es lo que me corresponde por derecho: justicia\u00bb, apunt\u00f3 la joven, quien hace 12 a\u00f1os, fue v\u00edctima de violencia sexual por Pl\u00e1cido N.&nbsp;<\/p>\n\n\n\n<p>Sin embargo, en este largo y complicado camino se ha encontrado con la indiferencia del Ministerio p\u00fablico de Mat\u00edas Romero y de la revictimizaci\u00f3n. En 2022, cuando el fiscal general era Arturo Peimbert Calvo, se enter\u00f3 que la pareja de su agresor, Karla N., se hizo pasar por ella para desistir de la denuncia y que este no fuera aprehendido.&nbsp;<\/p>\n\n\n\n<p>\u00abDesde el inicio me negaron el acceso a la justicia, me condenaron a soportar amenazas e intimidaciones recurrentes, a pesar de no estar en mi comunidad de origen. Vulneraron mi derecho y pusieron en peligro mi seguridad\u00bb, expres\u00f3 este jueves en conferencia de prensa ante las omisiones y el actuar del ministerio p\u00fablico de Mat\u00edas Romero, en la regi\u00f3n Istmo de Tehuantepec y adscrito a la Fiscal\u00eda General del Estado de Oaxaca (FGEO).<\/p>\n\n\n\n<p>Este 19 de junio, a casi una semana de que la Defensor\u00eda de los Derechos Humanos del Pueblo de Oaxaca (DDHPO) emiti\u00f3 a FGEO la recomendaci\u00f3n 12\/2025 sobre el caso de Pijy, y en la que determin\u00f3 que \u00abexistieron graves omisiones en la actuaci\u00f3n del personal ministerial\u00bb de Mat\u00edas Romero, la joven habl\u00f3 nuevamente para exigir al Poder Judicial del Estado de Oaxaca la inmediata revisi\u00f3n de las actuaciones del juez Omar Morales Sim\u00f3n y una investigaci\u00f3n profunda.<\/p>\n\n\n\n<p>A la Fiscal\u00eda, le exigi\u00f3 el cumplimiento puntual de la recomendaci\u00f3n de la Defensor\u00eda, adem\u00e1s de la investigaci\u00f3n, inhabilitaci\u00f3n y destituci\u00f3n inmediata de los ministerios p\u00fablicos Pedro Fierros Z\u00e1rate y Neljer Matus Garc\u00eda por las recientes violencias ejercidas en su contra.<\/p>\n\n\n\n<p>Al Congreso local y al federal, la joven tambi\u00e9n les pidi\u00f3 legislar para que casos de suplantaci\u00f3n de identidad como el suyo no se repitan. Y a la Defensor\u00eda, de la que reconoci\u00f3 su actuar, la exhort\u00f3 para que sus recomendaciones alcancen al Poder Judicial, espec\u00edficamente al juez Omar Morales, pues arrastra otras acusaciones como en el caso del feminicidio de Mar\u00eda del Sol Cruz Jarqu\u00edn, hija de la periodista Soledad Jarqu\u00edn Edgar.<\/p>\n\n\n\n<p>Pijy, nombre que por seguridad ha empleado la v\u00edctima, denunci\u00f3 en el a\u00f1o 2013 a su agresor sexual. Sin embargo, desde el a\u00f1o 2022, cuando se enter\u00f3 de que su identificaci\u00f3n fue suplantada, tiene una triple lucha: un nuevo proceso por suplantaci\u00f3n (del que Pl\u00e1cido y Karla han buscado ampararse a nivel federal), retomar el proceso por violaci\u00f3n y las investigaciones por corrupci\u00f3n en contra de las autoridades involucradas.&nbsp;<\/p>\n\n\n\n<p>Todo esto ha mermado su calidad de vida y por lo cual, tras la recomendaci\u00f3n de la Defensor\u00eda, ha decidido salir para exigir justicia.<\/p>\n\n\n\n<p>Fue en 2024 cuando la joven, con el acompa\u00f1amiento del activista ayuuk Joaqu\u00edn Galv\u00e1n, retom\u00f3 el caso ante la Fiscal\u00eda, ahora bajo el mando de Bernardo Rodr\u00edguez Alamilla, quien se comprometi\u00f3 a seguir las investigaciones.&nbsp;<\/p>\n\n\n\n<p>As\u00ed, el 31 de octubre de ese a\u00f1o, fueron aprehendidos Pl\u00e1cido N. y Karla N., por los delitos de suplantaci\u00f3n, uso de papeles falsos y falsedad de declaraciones judiciales. En ese entonces, Pl\u00e1cido era presidente municipal de San Juan Mazatl\u00e1n.<\/p>\n\n\n\n<p>Sin embargo, la lucha que Pijy comenz\u00f3 de la mano de Galv\u00e1n y de la fallecida abogada Sandra Dom\u00ednguez, aguarda un complejo camino. De acuerdo con el activista Joaqu\u00edn Galv\u00e1n, para retomar la denuncia por violaci\u00f3n, primero se tiene que comprobar la responsabilidad de Pl\u00e1cido y Karla en el delito de suplantaci\u00f3n de identidad, lo mismo que del ministerio p\u00fablico de Mat\u00edas Romero y del juez Omar Morales Sim\u00f3n.<\/p>\n","protected":false},"excerpt":{"rendered":"<p>Lisbeth Mej\u00eda Reyes\/Zona Roja. Oaxaca, Oax., a 19 de junio de 2025.- A Pijy, nada&hellip;<\/p>\n","protected":false},"author":2,"featured_media":81544,"comment_status":"closed","ping_status":"open","sticky":false,"template":"","format":"standard","meta":{"_lmt_disableupdate":"","_lmt_disable":"","_jetpack_memberships_contains_paid_content":false,"footnotes":""},"categories":[109,47],"tags":[],"class_list":["post-81543","post","type-post","status-publish","format-standard","has-post-thumbnail","hentry","category-minuto-a-minuto","category-zona-gris"],"jetpack_featured_media_url":"https:\/\/zonaroja.com.mx\/wp-content\/uploads\/2025\/06\/Conferencia-Pijy-Joaquin-Galvan.jpg","jetpack_sharing_enabled":true,"_links":{"self":[{"href":"https:\/\/zonaroja.com.mx\/index.php?rest_route=\/wp\/v2\/posts\/81543","targetHints":{"allow":["GET"]}}],"collection":[{"href":"https:\/\/zonaroja.com.mx\/index.php?rest_route=\/wp\/v2\/posts"}],"about":[{"href":"https:\/\/zonaroja.com.mx\/index.php?rest_route=\/wp\/v2\/types\/post"}],"author":[{"embeddable":true,"href":"https:\/\/zonaroja.com.mx\/index.php?rest_route=\/wp\/v2\/users\/2"}],"replies":[{"embeddable":true,"href":"https:\/\/zonaroja.com.mx\/index.php?rest_route=%2Fwp%2Fv2%2Fcomments&post=81543"}],"version-history":[{"count":1,"href":"https:\/\/zonaroja.com.mx\/index.php?rest_route=\/wp\/v2\/posts\/81543\/revisions"}],"predecessor-version":[{"id":81545,"href":"https:\/\/zonaroja.com.mx\/index.php?rest_route=\/wp\/v2\/posts\/81543\/revisions\/81545"}],"wp:featuredmedia":[{"embeddable":true,"href":"https:\/\/zonaroja.com.mx\/index.php?rest_route=\/wp\/v2\/media\/81544"}],"wp:attachment":[{"href":"https:\/\/zonaroja.com.mx\/index.php?rest_route=%2Fwp%2Fv2%2Fmedia&parent=81543"}],"wp:term":[{"taxonomy":"category","embeddable":true,"href":"https:\/\/zonaroja.com.mx\/index.php?rest_route=%2Fwp%2Fv2%2Fcategories&post=81543"},{"taxonomy":"post_tag","embeddable":true,"href":"https:\/\/zonaroja.com.mx\/index.php?rest_route=%2Fwp%2Fv2%2Ftags&post=81543"}],"curies":[{"name":"wp","href":"https:\/\/api.w.org\/{rel}","templated":true}]}}