{"id":81549,"date":"2025-06-20T07:15:00","date_gmt":"2025-06-20T13:15:00","guid":{"rendered":"https:\/\/zonaroja.com.mx\/?p=81549"},"modified":"2025-06-20T06:49:02","modified_gmt":"2025-06-20T12:49:02","slug":"evacuan-del-medio-oriente-a-136-mexicanos-por-guerra","status":"publish","type":"post","link":"https:\/\/zonaroja.com.mx\/?p=81549","title":{"rendered":"Evacuan del Medio Oriente a 136 mexicanos, por guerra"},"content":{"rendered":"\n<p>Redacci\u00f3n\/Zona Roja Cdmx.<\/p>\n\n\n\n<p>Ciudad de M\u00e9xico, a 20 de junio de 2025.- Al menos 136 mexicanos han sido evacuados de forma segura de Medio Oriente, donde las agresiones armadas contin\u00faan entre Israel e Ir\u00e1n.<\/p>\n\n\n\n<p>La Secretar\u00eda de Relaciones Exteriores (SRE) inform\u00f3 que contin\u00faa brindando asistencia y protecci\u00f3n consular a las y los connacionales que se encuentran en el Medio Oriente, particularmente para facilitar su salida de la zona de conflicto.<\/p>\n\n\n\n<p>\u00bbPor el momento, 136 personas han salido de manera segura. El espacio a\u00e9reo de Israel permanece cerrado\u00bb, dijo la autoridad.<\/p>\n\n\n\n<p>La Embajada de M\u00e9xico con Israel se mantiene abierta para apoyar a los mexicanos que vayan a salir v\u00eda terrestre y mar\u00edtima, hacia Egipto, Jordania y Chipre.<\/p>\n\n\n\n<p>Hasta el momento 88 mexicanos han dejado Israel en medio del conflicto armado.<\/p>\n\n\n\n<p>La Embajada de M\u00e9xico en Jordania ha apoyado a 29 personas para salir de ese pa\u00eds a trav\u00e9s de distintas rutas, ya que los vuelos desde Am\u00e1n son irregulares y han estado suspendidos.<\/p>\n\n\n\n<p>La Embajada de M\u00e9xico en Ir\u00e1n inform\u00f3 que \u00bbpermanece atenta a la situaci\u00f3n y de nuestras y nuestros connacionales que han decidido permanecer en el pa\u00eds, tras la exitosa salida de 19 personas mexicanas y sus familiares a Azerbaiy\u00e1n\u00bb.<\/p>\n\n\n\n<p>El primer ministro israel\u00ed, Benjam\u00edn Netanyahu, dijo este jueves que el cambio o la ca\u00edda del r\u00e9gimen iran\u00ed no era un objetivo de los ataques de Israel, sino que pod\u00eda ser un resultado.<\/p>\n\n\n\n<p>\u00abLa cuesti\u00f3n del cambio de r\u00e9gimen o la ca\u00edda de este r\u00e9gimen es ante todo una cuesti\u00f3n del pueblo iran\u00ed. No hay sustituto para esto. Y por eso no lo present\u00e9 como un objetivo. Podr\u00eda ser un resultado, pero no es un objetivo declarado o formal que tengamos\u00bb, dijo Netanyahu a la cadena p\u00fablica israel\u00ed Kan.<\/p>\n\n\n\n<p>El primer ministro dijo que Israel ten\u00eda el poder de desmantelar todas las instalaciones nucleares de Ir\u00e1n, independientemente de si el presidente estadounidense Donald Trump participa o no.<\/p>\n\n\n\n<p>Netanyahu habl\u00f3 antes de que la Casa Blanca dijera que Trump decidir\u00eda dentro de las pr\u00f3ximas dos semanas si participar\u00eda.<\/p>\n\n\n\n<p>Analistas militares creen que Israel podr\u00eda necesitar la ayuda de bombas antib\u00fankeres estadounidenses para destruir la Planta de Enriquecimiento de Combustible de Fordow, la joya de la corona del programa nuclear iran\u00ed, enterrada bajo una monta\u00f1a cerca de la ciudad de Qom.<\/p>\n\n\n\n<p>Al pregunt\u00e1rsele si se podr\u00eda abordar el tema de Fordow con o sin los estadounidenses, Netanyahu respondi\u00f3: \u00abTenemos el poder de eliminar todos nuestros objetivos, todas sus instalaciones nucleares, pero la decisi\u00f3n del presidente de unirse o no es, una vez m\u00e1s, suya\u00bb.<\/p>\n\n\n\n<p>\u00ab\u00c9l har\u00e1 lo que sea bueno para Estados Unidos y yo har\u00e9 lo que sea bueno para el Estado de Israel, y debo decir que, hasta el momento, todos est\u00e1n haciendo su parte\u00bb, declar\u00f3 Netanyahu.<\/p>\n\n\n\n<p>El mi\u00e9rcoles, Trump afirm\u00f3 que solo Estados Unidos ten\u00eda la capacidad de destruir o desmantelar Fordow. \u00abPero eso no significa que yo vaya a hacerlo, en absoluto\u00bb, afirm\u00f3 Trump.<\/p>\n\n\n\n<p>(Con informaci\u00f3n de Reuters, en \u201cExpansi\u00f3n Pol\u00edtica\u201d)<\/p>\n","protected":false},"excerpt":{"rendered":"<p>Redacci\u00f3n\/Zona Roja Cdmx. Ciudad de M\u00e9xico, a 20 de junio de 2025.- Al menos 136&hellip;<\/p>\n","protected":false},"author":2,"featured_media":81550,"comment_status":"closed","ping_status":"open","sticky":false,"template":"","format":"standard","meta":{"_lmt_disableupdate":"","_lmt_disable":"","_jetpack_memberships_contains_paid_content":false,"footnotes":""},"categories":[109,47],"tags":[3909],"class_list":["post-81549","post","type-post","status-publish","format-standard","has-post-thumbnail","hentry","category-minuto-a-minuto","category-zona-gris","tag-guerra-iran-israel"],"jetpack_featured_media_url":"https:\/\/zonaroja.com.mx\/wp-content\/uploads\/2025\/06\/Mexicanos-evacuados-del-Medio-Oriente.webp","jetpack_sharing_enabled":true,"_links":{"self":[{"href":"https:\/\/zonaroja.com.mx\/index.php?rest_route=\/wp\/v2\/posts\/81549","targetHints":{"allow":["GET"]}}],"collection":[{"href":"https:\/\/zonaroja.com.mx\/index.php?rest_route=\/wp\/v2\/posts"}],"about":[{"href":"https:\/\/zonaroja.com.mx\/index.php?rest_route=\/wp\/v2\/types\/post"}],"author":[{"embeddable":true,"href":"https:\/\/zonaroja.com.mx\/index.php?rest_route=\/wp\/v2\/users\/2"}],"replies":[{"embeddable":true,"href":"https:\/\/zonaroja.com.mx\/index.php?rest_route=%2Fwp%2Fv2%2Fcomments&post=81549"}],"version-history":[{"count":1,"href":"https:\/\/zonaroja.com.mx\/index.php?rest_route=\/wp\/v2\/posts\/81549\/revisions"}],"predecessor-version":[{"id":81551,"href":"https:\/\/zonaroja.com.mx\/index.php?rest_route=\/wp\/v2\/posts\/81549\/revisions\/81551"}],"wp:featuredmedia":[{"embeddable":true,"href":"https:\/\/zonaroja.com.mx\/index.php?rest_route=\/wp\/v2\/media\/81550"}],"wp:attachment":[{"href":"https:\/\/zonaroja.com.mx\/index.php?rest_route=%2Fwp%2Fv2%2Fmedia&parent=81549"}],"wp:term":[{"taxonomy":"category","embeddable":true,"href":"https:\/\/zonaroja.com.mx\/index.php?rest_route=%2Fwp%2Fv2%2Fcategories&post=81549"},{"taxonomy":"post_tag","embeddable":true,"href":"https:\/\/zonaroja.com.mx\/index.php?rest_route=%2Fwp%2Fv2%2Ftags&post=81549"}],"curies":[{"name":"wp","href":"https:\/\/api.w.org\/{rel}","templated":true}]}}