{"id":81555,"date":"2025-06-20T09:15:00","date_gmt":"2025-06-20T15:15:00","guid":{"rendered":"https:\/\/zonaroja.com.mx\/?p=81555"},"modified":"2025-06-20T07:49:23","modified_gmt":"2025-06-20T13:49:23","slug":"red-de-abogadas-indigenas-y-consorcio-exigen-no-desaparecer-poderes-en-zapotitlan","status":"publish","type":"post","link":"https:\/\/zonaroja.com.mx\/?p=81555","title":{"rendered":"Red de Abogadas Ind\u00edgenas y Consorcio exigen no desaparecer poderes en Zapotitl\u00e1n"},"content":{"rendered":"\n<p>Lisbeth Mej\u00eda Reyes\/Zona Roja.<\/p>\n\n\n\n<p>Oaxaca, Oax., a 20 de junio de 2025.- La Red de Abogadas Ind\u00edgenas (RAI) y la organizaci\u00f3n Consorcio exigieron p\u00fablicamente a la 66 Legislatura del Congreso del Estado de Oaxaca rechazar el dictamen por el que se pretende desaparecer los poderes en el ayuntamiento de Zapotitl\u00e1n Palmas, pues de hacerlo se estar\u00e1n violando los derechos pol\u00edticos de las mujeres ind\u00edgenas y habr\u00e1 un retroceso a los derechos humanos.&nbsp;<\/p>\n\n\n\n<p>En un comunicado, se\u00f1alaron que el respaldo del Congreso a tal dictamen implicar\u00e1 perpetuar la violencia pol\u00edtica en raz\u00f3n de g\u00e9nero que han ejercido el s\u00edndico municipal, Jos\u00e9 Longinos Mart\u00ednez, y el regidor de Hacienda, Dami\u00e1n Reyes Longinos, en contra de la presidenta municipal, In\u00e9s Mart\u00ednez Reyes, y las regidoras Elida L\u00f3pez Mart\u00ednez (de salud) y Gabriela Mart\u00ednez Soriano, de Educaci\u00f3n.&nbsp;<\/p>\n\n\n\n<p>Las organizaciones tambi\u00e9n exigieron al gobernador, Salom\u00f3n Jara Cruz, que ordene a la Secretar\u00eda de Finanzas transparentar el destino de los recursos de los ramos 33 y 28 que ha depositado a otras cuentas bancarias en lugar de las de la presidenta.&nbsp;<\/p>\n\n\n\n<p>Adem\u00e1s, que ordene a Jes\u00fas Romero, secretario de Gobierno, a \u00abdejar sus intereses a un lado y actuar con imparcialidad y objetivos\u00bb.<\/p>\n\n\n\n<p>A trav\u00e9s de un pronunciamiento dirigido este 19 de junio al Congreso, al Gobernador del Estado y a los medios de comunicaci\u00f3n, las organizaciones externaron su preocupaci\u00f3n por la posible desaparici\u00f3n de poderes en esta comunidad de la Mixteca, luego de que la semana pasada la legislatura rechaz\u00f3 la suspensi\u00f3n de poderes, pero devolvi\u00f3 el dictamen para su estudio en comisiones y dictaminaci\u00f3n en un plazo de ocho d\u00edas h\u00e1biles.<\/p>\n\n\n\n<p>El caso lleg\u00f3 este jueves a la C\u00e1mara de Diputados federal, en la Ciudad de M\u00e9xico, donde las concejales y el Partido del Trabajo externaron su temor porque el dictamen sea aprobado este viernes en una sesi\u00f3n extraordinaria del congreso de Oaxaca.<\/p>\n\n\n\n<p>In\u00e9s Mart\u00ednez Reyes es la primera presidenta municipal de Zapotitl\u00e1n Palmas, municipio de la regi\u00f3n Mixteca que hasta el 2020 registraba mil 695 habitantes (45.1% hombres y 54.9% mujeres) seg\u00fan el censo del Instituto Nacional de Estad\u00edstica y Geograf\u00eda, INEGI.&nbsp;<\/p>\n\n\n\n<p>Su elecci\u00f3n para el periodo 2023-2025 fue bajo asamblea comunitaria. Sin embargo, como se\u00f1alan la Red de Abogadas Ind\u00edgenas y Consorcio, desde el inicio del mandato ella y sus compa\u00f1eras han sido v\u00edctimas de violencia pol\u00edtica en raz\u00f3n de g\u00e9nero, a trav\u00e9s de amenazas, agresiones verbales, difamaci\u00f3n, calumnias y otras conductas.<\/p>\n\n\n\n<p>Esta violencia ha sido confirmada por el Tribunal Electoral del Estado de Oaxaca (TEEO), a donde acudieron a denunciar las v\u00edctimas y que en la sentencia del expediente PES\/03\/2024 tambi\u00e9n resolvi\u00f3 que el s\u00edndico y el regidor fueran inscritos en el Registro Nacional y Estatal de Personas Sancionadas de Violencia Pol\u00edtica contra las Mujeres en raz\u00f3n de G\u00e9nero.<\/p>\n\n\n\n<p>Sin embargo, a pesar de la sentencia, la violencia ha continuado y en las \u00faltimas semanas la edil ha sido acusada por un grupo de habitantes de presunto desv\u00edo de recursos, pero la presidenta y su equipo legal han presentado pruebas que refutan los se\u00f1alamientos.<\/p>\n\n\n\n<p>Ante esto las organizaciones tambi\u00e9n exigieron TEEO dictar medidas eficaces y contundentes para el cumplimiento de la sentencia de violencia pol\u00edtica en raz\u00f3n de g\u00e9nero.<\/p>\n","protected":false},"excerpt":{"rendered":"<p>Lisbeth Mej\u00eda Reyes\/Zona Roja. Oaxaca, Oax., a 20 de junio de 2025.- La Red de&hellip;<\/p>\n","protected":false},"author":2,"featured_media":81556,"comment_status":"closed","ping_status":"open","sticky":false,"template":"","format":"standard","meta":{"_lmt_disableupdate":"","_lmt_disable":"","_jetpack_memberships_contains_paid_content":false,"footnotes":""},"categories":[109,47],"tags":[],"class_list":["post-81555","post","type-post","status-publish","format-standard","has-post-thumbnail","hentry","category-minuto-a-minuto","category-zona-gris"],"jetpack_featured_media_url":"https:\/\/zonaroja.com.mx\/wp-content\/uploads\/2025\/06\/Zapotitlan-Palmas.jpg","jetpack_sharing_enabled":true,"_links":{"self":[{"href":"https:\/\/zonaroja.com.mx\/index.php?rest_route=\/wp\/v2\/posts\/81555","targetHints":{"allow":["GET"]}}],"collection":[{"href":"https:\/\/zonaroja.com.mx\/index.php?rest_route=\/wp\/v2\/posts"}],"about":[{"href":"https:\/\/zonaroja.com.mx\/index.php?rest_route=\/wp\/v2\/types\/post"}],"author":[{"embeddable":true,"href":"https:\/\/zonaroja.com.mx\/index.php?rest_route=\/wp\/v2\/users\/2"}],"replies":[{"embeddable":true,"href":"https:\/\/zonaroja.com.mx\/index.php?rest_route=%2Fwp%2Fv2%2Fcomments&post=81555"}],"version-history":[{"count":1,"href":"https:\/\/zonaroja.com.mx\/index.php?rest_route=\/wp\/v2\/posts\/81555\/revisions"}],"predecessor-version":[{"id":81557,"href":"https:\/\/zonaroja.com.mx\/index.php?rest_route=\/wp\/v2\/posts\/81555\/revisions\/81557"}],"wp:featuredmedia":[{"embeddable":true,"href":"https:\/\/zonaroja.com.mx\/index.php?rest_route=\/wp\/v2\/media\/81556"}],"wp:attachment":[{"href":"https:\/\/zonaroja.com.mx\/index.php?rest_route=%2Fwp%2Fv2%2Fmedia&parent=81555"}],"wp:term":[{"taxonomy":"category","embeddable":true,"href":"https:\/\/zonaroja.com.mx\/index.php?rest_route=%2Fwp%2Fv2%2Fcategories&post=81555"},{"taxonomy":"post_tag","embeddable":true,"href":"https:\/\/zonaroja.com.mx\/index.php?rest_route=%2Fwp%2Fv2%2Ftags&post=81555"}],"curies":[{"name":"wp","href":"https:\/\/api.w.org\/{rel}","templated":true}]}}