{"id":81564,"date":"2025-06-20T12:19:00","date_gmt":"2025-06-20T18:19:00","guid":{"rendered":"https:\/\/zonaroja.com.mx\/?p=81564"},"modified":"2025-06-20T08:24:56","modified_gmt":"2025-06-20T14:24:56","slug":"conflicto-en-la-facultad-de-derecho-de-la-uabjo-cumple-un-mes","status":"publish","type":"post","link":"https:\/\/zonaroja.com.mx\/?p=81564","title":{"rendered":"Conflicto en la Facultad de Derecho de la UABJO cumple un mes"},"content":{"rendered":"\n<p>Lisbeth Mej\u00eda Reyes\/Zona Roja.<\/p>\n\n\n\n<p>Oaxaca, Oax., a 20 de junio de 2025.- Sin soluci\u00f3n ni avances significativos en las mesas de di\u00e1logo a las que se ha convocado en las \u00faltimas dos semanas, la \u201ctoma\u201d de las instalaciones de la Facultad de Derecho y Ciencias Sociales de la Universidad Aut\u00f3noma Benito Ju\u00e1rez de Oaxaca (UABJO) cumple un mes.<\/p>\n\n\n\n<p>Fue el pasado 19 de mayo cuando el grupo liderado por el ex rector Abraham Mart\u00ednez Alavez se apoder\u00f3 de las instalaciones de la facultad denunciando presuntas irregularidades con la directora y en la elecci\u00f3n del consejo t\u00e9cnico. Adem\u00e1s de exigir la destituci\u00f3n de la directora, Roc\u00edo Mart\u00ednez Helmes, quien es hija del ex rector.<\/p>\n\n\n\n<p>El \u00faltimo llamado de la rector\u00eda a las partes en conflicto fue el pasado 17 de junio. En su mensaje, el rector, Cristian \u00c9der Carre\u00f1o, las convoc\u00f3 a reanudar la mesa de trabajo para \u00abencontrar una soluci\u00f3n cierta e impostergable a la problem\u00e1tica\u00bb. Adem\u00e1s, asegur\u00f3 que no se permitir\u00edan \u00abacciones que contaminen el avance\u00bb de la mesa.<\/p>\n\n\n\n<p>Incluso, advirti\u00f3 que tomar\u00eda \u00ablas medidas necesarias para asegurar el funcionamiento de todas las unidades\u00bb.<\/p>\n\n\n\n<p>Pero hasta este mi\u00e9rcoles no se hab\u00edan reportado avances o la soluci\u00f3n del conflicto.<\/p>\n\n\n\n<p>En tanto, en las \u00faltimas semanas la problem\u00e1tica ha aumentado al grado de involucrar en la violencia a una parte del Sindicato de Trabajadores y Empleados de la UABJO (STEUABJO) y a la Facultad de Cultura F\u00edsica y Deporte.<\/p>\n\n\n\n<p>En los \u00faltimos d\u00edas, la violencia gener\u00f3 la toma de ciudad universitaria por parte del STEUABJO afectando a toda la comunidad estudiantil. Aunque finalmente las instalaciones fueron liberadas, no as\u00ed la facultad de Derecho, que sigue en conflicto rumbo a la renovaci\u00f3n de su direcci\u00f3n y ante las pr\u00f3ximas elecciones para la rector\u00eda.<\/p>\n\n\n\n<p>Las acusaciones hacia uno y otro grupo (el de la directora y el de su padre) se mantienen. La directora ha se\u00f1alado directamente a su padre de orquestar el conflicto y de pretender su destituci\u00f3n.<\/p>\n\n\n\n<p>El 9 de junio, en conferencia de prensa, tambi\u00e9n se\u00f1al\u00f3 al rector de ser omiso ante la problem\u00e1tica pol\u00edtica que por entonces llegaba a su tercera semana. Tambi\u00e9n responsabiliz\u00f3 al rector por la campa\u00f1a de descalificaci\u00f3n y de violencia de g\u00e9nero de la que han sido v\u00edctimas ella y sus compa\u00f1eras y exigi\u00f3 las medidas necesarias para su protecci\u00f3n.<\/p>\n\n\n\n<p>Roc\u00edo asegur\u00f3 que a pesar de que se hab\u00eda conducido por la v\u00eda institucional no ten\u00eda respuesta de Carre\u00f1o.<\/p>\n\n\n\n<p>A ra\u00edz de los se\u00f1alamientos, el 10 de junio el rector inform\u00f3 que se hab\u00eda convocado a una mesa de di\u00e1logo para ese d\u00eda y con ambas partes. Pero a poco m\u00e1s de una semana de ese llamado, la soluci\u00f3n a\u00fan no se vislumbra.<\/p>\n","protected":false},"excerpt":{"rendered":"<p>Lisbeth Mej\u00eda Reyes\/Zona Roja. Oaxaca, Oax., a 20 de junio de 2025.- Sin soluci\u00f3n ni&hellip;<\/p>\n","protected":false},"author":2,"featured_media":81565,"comment_status":"closed","ping_status":"open","sticky":false,"template":"","format":"standard","meta":{"_lmt_disableupdate":"","_lmt_disable":"","_jetpack_memberships_contains_paid_content":false,"footnotes":""},"categories":[109,47],"tags":[295],"class_list":["post-81564","post","type-post","status-publish","format-standard","has-post-thumbnail","hentry","category-minuto-a-minuto","category-zona-gris","tag-facultad-de-derecho-y-ciencias-sociales"],"jetpack_featured_media_url":"https:\/\/zonaroja.com.mx\/wp-content\/uploads\/2025\/06\/Facultad-de-Derecho-y-Ciencias-Sociales.jpg","jetpack_sharing_enabled":true,"_links":{"self":[{"href":"https:\/\/zonaroja.com.mx\/index.php?rest_route=\/wp\/v2\/posts\/81564","targetHints":{"allow":["GET"]}}],"collection":[{"href":"https:\/\/zonaroja.com.mx\/index.php?rest_route=\/wp\/v2\/posts"}],"about":[{"href":"https:\/\/zonaroja.com.mx\/index.php?rest_route=\/wp\/v2\/types\/post"}],"author":[{"embeddable":true,"href":"https:\/\/zonaroja.com.mx\/index.php?rest_route=\/wp\/v2\/users\/2"}],"replies":[{"embeddable":true,"href":"https:\/\/zonaroja.com.mx\/index.php?rest_route=%2Fwp%2Fv2%2Fcomments&post=81564"}],"version-history":[{"count":1,"href":"https:\/\/zonaroja.com.mx\/index.php?rest_route=\/wp\/v2\/posts\/81564\/revisions"}],"predecessor-version":[{"id":81566,"href":"https:\/\/zonaroja.com.mx\/index.php?rest_route=\/wp\/v2\/posts\/81564\/revisions\/81566"}],"wp:featuredmedia":[{"embeddable":true,"href":"https:\/\/zonaroja.com.mx\/index.php?rest_route=\/wp\/v2\/media\/81565"}],"wp:attachment":[{"href":"https:\/\/zonaroja.com.mx\/index.php?rest_route=%2Fwp%2Fv2%2Fmedia&parent=81564"}],"wp:term":[{"taxonomy":"category","embeddable":true,"href":"https:\/\/zonaroja.com.mx\/index.php?rest_route=%2Fwp%2Fv2%2Fcategories&post=81564"},{"taxonomy":"post_tag","embeddable":true,"href":"https:\/\/zonaroja.com.mx\/index.php?rest_route=%2Fwp%2Fv2%2Ftags&post=81564"}],"curies":[{"name":"wp","href":"https:\/\/api.w.org\/{rel}","templated":true}]}}