{"id":81567,"date":"2025-06-20T13:25:00","date_gmt":"2025-06-20T19:25:00","guid":{"rendered":"https:\/\/zonaroja.com.mx\/?p=81567"},"modified":"2025-06-20T08:26:06","modified_gmt":"2025-06-20T14:26:06","slug":"recientes-ataques-de-israel-sobre-gaza-matan-a-76-palestinos","status":"publish","type":"post","link":"https:\/\/zonaroja.com.mx\/?p=81567","title":{"rendered":"Recientes ataques de Israel sobre Gaza matan a 76 palestinos"},"content":{"rendered":"\n<p>Redacci\u00f3n\/Zona Roja Cdmx.<\/p>\n\n\n\n<p>Ciudad de M\u00e9xico, a 20 de junio de 2025.- La Defensa Civil de Gaza anunci\u00f3 que 76 personas, entre ellas 21 que buscaban ayuda humanitaria, murieron por los ataques del ej\u00e9rcito israel\u00ed este jueves en el territorio palestino devastado y con hambruna tras m\u00e1s de 20 meses de guerra.<\/p>\n\n\n\n<p>Diez personas fueron asesinadas cerca de Jan Yunis, en el sur de la franja de Gaza, de las cuales seis esperaban ayuda, y otras 15 en el corredor de Netzarim, en el centro de Gaza, donde miles de personas acuden a diario con la esperanza de recibir comida, declar\u00f3 a la AFP el portavoz de Defensa Civil, Mahmud Basal.<\/p>\n\n\n\n<p>Seg\u00fan la misma fuente, otras 51 personas murieron el jueves durante nueve ataques israel\u00edes distintos en Ciudad de Gaza y el norte del territorio palestino, gobernado por el movimiento islamista Hamas.<\/p>\n\n\n\n<p>Israel impuso a principios de marzo un bloqueo humanitario en el territorio que provoc\u00f3 escasez de alimentos, medicamentos y otros bienes de primera necesidad.<\/p>\n\n\n\n<p>La GHF, una organizaci\u00f3n con financiaci\u00f3n opaca, comenz\u00f3 a entregar ayuda a finales de mayo, pero sus distribuciones han estado marcadas por escenas ca\u00f3ticas y ataques mortales en los alrededores del centro donde se agolpan las multitudes a esperar los repartos.<\/p>\n\n\n\n<p>Desde entonces, 397 personas han muerto y m\u00e1s de 3 mil han resultado heridas al intentar llegar a los puntos de distribuci\u00f3n de ayuda en Gaza, seg\u00fan las cifras m\u00e1s recientes del Ministerio de Salud del gobierno de Ham\u00e1s, cuyas cifras son consideradas fiables por la ONU.<\/p>\n\n\n\n<p>Sobre lo ocurrido en Netzarim, el ej\u00e9rcito israel\u00ed indic\u00f3 a la AFP que sus soldados efectuaron \u00abdisparos de advertencia\u00bb contra \u00absospechosos\u00bb que se acercaron a ellos, pero que \u00abno ten\u00eda constancia de que hubiera heridos\u00bb.<\/p>\n\n\n\n<p>Basam Abu Shaar, un desplazado palestino, declar\u00f3 a la AFP que miles de personas se hab\u00edan reunido por la noche con la esperanza de recoger alimentos antes de que abriera en la ma\u00f1ana este lugar de distribuci\u00f3n de ayuda gestionado por La Fundaci\u00f3n Humanitaria de Gaza (GHF), apoyada por Estados Unidos e Israel.<\/p>\n\n\n\n<p>\u00abAlrededor de la 01H00 de la madrugada, empezaron a dispararnos. Los disparos provenientes de tanques, aviones y bombas lanzadas por drones se intensificaron\u00bb, declar\u00f3 a la AFP por tel\u00e9fono.<\/p>\n\n\n\n<p>Afirm\u00f3 que vio muertos y heridos tendidos en el suelo a pocos pasos del centro de la GHF.<\/p>\n\n\n\n<p>\u00abNo pudimos ayudarlos, ni siquiera escapar\u00bb, a\u00f1adi\u00f3, afirmando que se hab\u00eda encontrado atrapado en medio de una multitud.<\/p>\n\n\n\n<p>Las v\u00edctimas fueron trasladadas a los hospitales Al Awda y Al Aqsa, en el norte y el centro del territorio, afirm\u00f3 Mohamad al Mughayyir, otro funcionario de Defensa Civil.<\/p>\n\n\n\n<p>Dadas las restricciones impuestas por Israel a los medios en Gaza y las dificultades de acceso en el terreno en guerra, la AFP no puede verificar de manera independiente los balances de la Defensa Civil.<\/p>\n\n\n\n<p>La guerra en Gaza estall\u00f3 tras el ataque de Hamas en territorio israel\u00ed que dej\u00f3 mil 219 muertos, seg\u00fan cifras oficiales israel\u00edes.<\/p>\n\n\n\n<p>M\u00e1s de 55 mil 600 personas han muerto en este territorio palestino desde que Israel lanz\u00f3 su ofensiva de represalia, seg\u00fan cifras del Ministerio de Salud de Gaza.<\/p>\n\n\n\n<p>(Informaci\u00f3n de agencias en \u201cLa Jornada\u201d)<\/p>\n","protected":false},"excerpt":{"rendered":"<p>Redacci\u00f3n\/Zona Roja Cdmx. Ciudad de M\u00e9xico, a 20 de junio de 2025.- La Defensa Civil&hellip;<\/p>\n","protected":false},"author":2,"featured_media":64355,"comment_status":"closed","ping_status":"open","sticky":false,"template":"","format":"standard","meta":{"_lmt_disableupdate":"","_lmt_disable":"","_jetpack_memberships_contains_paid_content":false,"footnotes":""},"categories":[109,47],"tags":[2668],"class_list":["post-81567","post","type-post","status-publish","format-standard","has-post-thumbnail","hentry","category-minuto-a-minuto","category-zona-gris","tag-conflicto-gaza-israel"],"jetpack_featured_media_url":"https:\/\/zonaroja.com.mx\/wp-content\/uploads\/2024\/01\/Hambruna-Gaza-ataques-Israel.jpg","jetpack_sharing_enabled":true,"_links":{"self":[{"href":"https:\/\/zonaroja.com.mx\/index.php?rest_route=\/wp\/v2\/posts\/81567","targetHints":{"allow":["GET"]}}],"collection":[{"href":"https:\/\/zonaroja.com.mx\/index.php?rest_route=\/wp\/v2\/posts"}],"about":[{"href":"https:\/\/zonaroja.com.mx\/index.php?rest_route=\/wp\/v2\/types\/post"}],"author":[{"embeddable":true,"href":"https:\/\/zonaroja.com.mx\/index.php?rest_route=\/wp\/v2\/users\/2"}],"replies":[{"embeddable":true,"href":"https:\/\/zonaroja.com.mx\/index.php?rest_route=%2Fwp%2Fv2%2Fcomments&post=81567"}],"version-history":[{"count":1,"href":"https:\/\/zonaroja.com.mx\/index.php?rest_route=\/wp\/v2\/posts\/81567\/revisions"}],"predecessor-version":[{"id":81568,"href":"https:\/\/zonaroja.com.mx\/index.php?rest_route=\/wp\/v2\/posts\/81567\/revisions\/81568"}],"wp:featuredmedia":[{"embeddable":true,"href":"https:\/\/zonaroja.com.mx\/index.php?rest_route=\/wp\/v2\/media\/64355"}],"wp:attachment":[{"href":"https:\/\/zonaroja.com.mx\/index.php?rest_route=%2Fwp%2Fv2%2Fmedia&parent=81567"}],"wp:term":[{"taxonomy":"category","embeddable":true,"href":"https:\/\/zonaroja.com.mx\/index.php?rest_route=%2Fwp%2Fv2%2Fcategories&post=81567"},{"taxonomy":"post_tag","embeddable":true,"href":"https:\/\/zonaroja.com.mx\/index.php?rest_route=%2Fwp%2Fv2%2Ftags&post=81567"}],"curies":[{"name":"wp","href":"https:\/\/api.w.org\/{rel}","templated":true}]}}