{"id":81569,"date":"2025-06-20T14:27:00","date_gmt":"2025-06-20T20:27:00","guid":{"rendered":"https:\/\/zonaroja.com.mx\/?p=81569"},"modified":"2025-06-20T08:27:57","modified_gmt":"2025-06-20T14:27:57","slug":"garantizan-conectividad-aerea-a-ciudad-de-oaxaca-para-guelaguetza-2025","status":"publish","type":"post","link":"https:\/\/zonaroja.com.mx\/?p=81569","title":{"rendered":"Garantizan conectividad a\u00e9rea a ciudad de Oaxaca para Guelaguetza 2025"},"content":{"rendered":"\n<p>Redacci\u00f3n\/Zona Roja.&nbsp;<\/p>\n\n\n\n<p>Oaxaca, Oax., a 20 de junio de 2025.- Con la proximidad de \u201cJulio, mes de la Guelaguetza 2025\u201d, la Secretar\u00eda de Turismo (Sectur Oaxaca) recuerda a las y los viajeros las rutas a\u00e9reas disponibles hacia la capital del estado, las cuales ofrecen una conexi\u00f3n r\u00e1pida y directa con diversos puntos del pa\u00eds.<\/p>\n\n\n\n<p>Detalla que actualmente se puede llegar a la ciudad de Oaxaca desde diferentes destinos como la Ciudad de M\u00e9xico, el Aeropuerto Internacional Felipe \u00c1ngeles (AIFA), Canc\u00fan, M\u00e9rida, Monterrey, Tijuana y Guadalajara; a trav\u00e9s de aerol\u00edneas como Aerom\u00e9xico, Viva Aerob\u00fas y Volaris.<\/p>\n\n\n\n<p>Adem\u00e1s, existen conexiones internacionales a ciudades de Estados Unidos: Los \u00c1ngeles, Houston y Dallas\u2013Fort Worth; con empresas como United Airlines y American Airlines.&nbsp;<\/p>\n\n\n\n<p>La dependencia estima una alta afluencia de visitantes durante los tradicionales Lunes del Cerro, que se llevar\u00e1n a cabo los d\u00edas 21 y 28 de julio en el Auditorio Guelaguetza. Adem\u00e1s, se han programado m\u00e1s de 140 actividades a lo largo del mes.<\/p>\n\n\n\n<p>El fortalecimiento de la conectividad a\u00e9rea permite que m\u00e1s personas se acerquen al Coraz\u00f3n Cultural de M\u00e9xico, promoviendo el turismo con bienestar y generando beneficios directos para las comunidades anfitrionas.<\/p>\n\n\n\n<p>Cabe destacar que, durante el periodo de enero a mayo de este a\u00f1o, el Aeropuerto Internacional de Oaxaca registr\u00f3 un promedio de ocupaci\u00f3n a\u00e9rea del 80.17 por ciento, lo que representa un incremento de 2.20 puntos porcentuales en comparaci\u00f3n con el mismo periodo de 2024. Asimismo, el tr\u00e1fico a\u00e9reo mostr\u00f3 un crecimiento del 4.76 por ciento respecto al a\u00f1o anterior.<\/p>\n","protected":false},"excerpt":{"rendered":"<p>Redacci\u00f3n\/Zona Roja.&nbsp; Oaxaca, Oax., a 20 de junio de 2025.- Con la proximidad de \u201cJulio,&hellip;<\/p>\n","protected":false},"author":2,"featured_media":73309,"comment_status":"closed","ping_status":"open","sticky":false,"template":"","format":"standard","meta":{"_lmt_disableupdate":"","_lmt_disable":"","_jetpack_memberships_contains_paid_content":false,"footnotes":""},"categories":[109,46],"tags":[1031],"class_list":["post-81569","post","type-post","status-publish","format-standard","has-post-thumbnail","hentry","category-minuto-a-minuto","category-zona-blanca","tag-secretaria-de-turismo-oaxaca"],"jetpack_featured_media_url":"https:\/\/zonaroja.com.mx\/wp-content\/uploads\/2024\/10\/Vuelos-avion-aeronave.jpg","jetpack_sharing_enabled":true,"_links":{"self":[{"href":"https:\/\/zonaroja.com.mx\/index.php?rest_route=\/wp\/v2\/posts\/81569","targetHints":{"allow":["GET"]}}],"collection":[{"href":"https:\/\/zonaroja.com.mx\/index.php?rest_route=\/wp\/v2\/posts"}],"about":[{"href":"https:\/\/zonaroja.com.mx\/index.php?rest_route=\/wp\/v2\/types\/post"}],"author":[{"embeddable":true,"href":"https:\/\/zonaroja.com.mx\/index.php?rest_route=\/wp\/v2\/users\/2"}],"replies":[{"embeddable":true,"href":"https:\/\/zonaroja.com.mx\/index.php?rest_route=%2Fwp%2Fv2%2Fcomments&post=81569"}],"version-history":[{"count":1,"href":"https:\/\/zonaroja.com.mx\/index.php?rest_route=\/wp\/v2\/posts\/81569\/revisions"}],"predecessor-version":[{"id":81570,"href":"https:\/\/zonaroja.com.mx\/index.php?rest_route=\/wp\/v2\/posts\/81569\/revisions\/81570"}],"wp:featuredmedia":[{"embeddable":true,"href":"https:\/\/zonaroja.com.mx\/index.php?rest_route=\/wp\/v2\/media\/73309"}],"wp:attachment":[{"href":"https:\/\/zonaroja.com.mx\/index.php?rest_route=%2Fwp%2Fv2%2Fmedia&parent=81569"}],"wp:term":[{"taxonomy":"category","embeddable":true,"href":"https:\/\/zonaroja.com.mx\/index.php?rest_route=%2Fwp%2Fv2%2Fcategories&post=81569"},{"taxonomy":"post_tag","embeddable":true,"href":"https:\/\/zonaroja.com.mx\/index.php?rest_route=%2Fwp%2Fv2%2Ftags&post=81569"}],"curies":[{"name":"wp","href":"https:\/\/api.w.org\/{rel}","templated":true}]}}