{"id":81571,"date":"2025-06-20T19:11:35","date_gmt":"2025-06-21T01:11:35","guid":{"rendered":"https:\/\/zonaroja.com.mx\/?p=81571"},"modified":"2025-06-20T19:11:37","modified_gmt":"2025-06-21T01:11:37","slug":"se-extiende-el-estancamiento-de-la-economia-en-mexico","status":"publish","type":"post","link":"https:\/\/zonaroja.com.mx\/?p=81571","title":{"rendered":"Se extiende el estancamiento de la econom\u00eda en M\u00e9xico"},"content":{"rendered":"\n<p>Redacci\u00f3n\/Zona Roja Cdmx.<\/p>\n\n\n\n<p>Ciudad de M\u00e9xico, a 20 de junio de 2025.- La econom\u00eda mexicana apunta a una contracci\u00f3n en mayo, afectada principalmente por el declive en la actividad industrial, lo que confirma un estancamiento que se prolong\u00f3 hacia el segundo trimestre.<\/p>\n\n\n\n<p>El Indicador Oportuno de la Actividad Econ\u00f3mica (IOAE) del INEGI retrocedi\u00f3 0.3 por ciento anual en mayo, su peor desempe\u00f1o en el a\u00f1o. Las actividades secundarias observar\u00edan una ca\u00edda de 1.1 por ciento, con lo que ligar\u00edan tres meses a la baja, mientras que para el sector servicios habr\u00eda un moderado crecimiento del 0.1 por ciento.<\/p>\n\n\n\n<p>A tasa mensual, el IOAE apunta a un avance de apenas 0.1 por ciento en mayo. La industria y los servicios perfilan tambi\u00e9n un crecimiento de 0.1 por ciento.<\/p>\n\n\n\n<p>Para Banco Base, con los indicadores adelantados se podr\u00eda esperar un segundo trimestre en contracci\u00f3n para la econom\u00eda mexicana. Estim\u00f3 que si en junio la econom\u00eda no crece, el PIB del segundo trimestre caer\u00eda 0.07 por ciento.<\/p>\n\n\n\n<p>NULO CRECIMIENTO<\/p>\n\n\n\n<p>Para Iv\u00e1n Arias, director de estudios econ\u00f3micos de Banamex, se mantiene el pron\u00f3stico de 0 por ciento de crecimiento en el PIB del segundo trimestre. \u201cA tasa mensual, estimamos un crecimiento de 0.3 por ciento mensual en abril y para mayo una variaci\u00f3n del 0 por ciento\u201d, indic\u00f3.<\/p>\n\n\n\n<p>De acuerdo con el especialista, es importante destacar que las cifras no est\u00e1n exentas de observar ciertas variaciones en abril, contra los pron\u00f3sticos actuales del IOAE, derivadas del efecto calendario.<\/p>\n\n\n\n<p>Explic\u00f3 que los pron\u00f3sticos del INEGI, aunque incluyen series desestacionalizadas, pueden existir variaciones relevantes contra los datos duros, sobre todo en meses como febrero, marzo y abril que, por efectos de calendario, los resultados suelen ser muy sensibles, lo cual podr\u00eda generar ciertas sorpresas en el cuarto mes.<\/p>\n\n\n\n<p>Afirm\u00f3 que si se asocian los indicadores econ\u00f3micos adelantados con datos duros ya disponibles, hay un soporte para concluir que la econom\u00eda atraviesa por una debilidad econ\u00f3mica importante en el segundo trimestre.<\/p>\n\n\n\n<p>Destac\u00f3 la importante ca\u00edda de la miner\u00eda petrolera como otro factor relevante que contribuir\u00e1 a un menor crecimiento de la econom\u00eda. \u201cLa miner\u00eda petrolera acumular\u00eda una contracci\u00f3n del 8 por ciento en el a\u00f1o, lo cual restar\u00eda alrededor de 4 d\u00e9cimas al crecimiento del PIB de 2025\u201d, a\u00f1adi\u00f3 Arias.<\/p>\n\n\n\n<p>SEGUNDO TRIMESTRE NEGATIVO<\/p>\n\n\n\n<p>Enrique Covarruvias, director de an\u00e1lisis en Actinver, indic\u00f3 que las cifras econ\u00f3micas del segundo trimestre ser\u00e1n negativas, debido a que se adelant\u00f3 parte de la producci\u00f3n en el primer trimestre.<\/p>\n\n\n\n<p>\u201cVan a salir mal\u00edsimos los datos de producci\u00f3n industrial, exportaciones, pero no se trata de verlo con una t\u00f3nica de que todo est\u00e1 mal, sino que la actividad se adelant\u00f3 y nos salv\u00f3 de caer en una recesi\u00f3n t\u00e9cnica\u201d, explic\u00f3.<\/p>\n\n\n\n<p>Ante dichos efectos, ser\u00eda posible que el segundo trimestre resulte ser m\u00e1s negativo de lo que realmente es, de tal manera que la tasa comparativa respecto al primer trimestre podr\u00eda oscilar entre -0.3 y -0.5 por ciento, promedi\u00e1ndose hacia el final del a\u00f1o en un crecimiento cercano al 0.1 por ciento.<\/p>\n\n\n\n<p>(Informaci\u00f3n de \u201cEl Financiero\u201d)<\/p>\n","protected":false},"excerpt":{"rendered":"<p>Redacci\u00f3n\/Zona Roja Cdmx. Ciudad de M\u00e9xico, a 20 de junio de 2025.- La econom\u00eda mexicana&hellip;<\/p>\n","protected":false},"author":2,"featured_media":81572,"comment_status":"closed","ping_status":"open","sticky":false,"template":"","format":"standard","meta":{"_lmt_disableupdate":"","_lmt_disable":"","_jetpack_memberships_contains_paid_content":false,"footnotes":""},"categories":[109,47],"tags":[],"class_list":["post-81571","post","type-post","status-publish","format-standard","has-post-thumbnail","hentry","category-minuto-a-minuto","category-zona-gris"],"jetpack_featured_media_url":"https:\/\/zonaroja.com.mx\/wp-content\/uploads\/2025\/06\/Economia-de-Mexico.jpg","jetpack_sharing_enabled":true,"_links":{"self":[{"href":"https:\/\/zonaroja.com.mx\/index.php?rest_route=\/wp\/v2\/posts\/81571","targetHints":{"allow":["GET"]}}],"collection":[{"href":"https:\/\/zonaroja.com.mx\/index.php?rest_route=\/wp\/v2\/posts"}],"about":[{"href":"https:\/\/zonaroja.com.mx\/index.php?rest_route=\/wp\/v2\/types\/post"}],"author":[{"embeddable":true,"href":"https:\/\/zonaroja.com.mx\/index.php?rest_route=\/wp\/v2\/users\/2"}],"replies":[{"embeddable":true,"href":"https:\/\/zonaroja.com.mx\/index.php?rest_route=%2Fwp%2Fv2%2Fcomments&post=81571"}],"version-history":[{"count":1,"href":"https:\/\/zonaroja.com.mx\/index.php?rest_route=\/wp\/v2\/posts\/81571\/revisions"}],"predecessor-version":[{"id":81573,"href":"https:\/\/zonaroja.com.mx\/index.php?rest_route=\/wp\/v2\/posts\/81571\/revisions\/81573"}],"wp:featuredmedia":[{"embeddable":true,"href":"https:\/\/zonaroja.com.mx\/index.php?rest_route=\/wp\/v2\/media\/81572"}],"wp:attachment":[{"href":"https:\/\/zonaroja.com.mx\/index.php?rest_route=%2Fwp%2Fv2%2Fmedia&parent=81571"}],"wp:term":[{"taxonomy":"category","embeddable":true,"href":"https:\/\/zonaroja.com.mx\/index.php?rest_route=%2Fwp%2Fv2%2Fcategories&post=81571"},{"taxonomy":"post_tag","embeddable":true,"href":"https:\/\/zonaroja.com.mx\/index.php?rest_route=%2Fwp%2Fv2%2Ftags&post=81571"}],"curies":[{"name":"wp","href":"https:\/\/api.w.org\/{rel}","templated":true}]}}