{"id":81574,"date":"2025-06-20T20:36:04","date_gmt":"2025-06-21T02:36:04","guid":{"rendered":"https:\/\/zonaroja.com.mx\/?p=81574"},"modified":"2025-06-20T20:36:06","modified_gmt":"2025-06-21T02:36:06","slug":"pese-a-resistencias-aprueba-el-congreso-suspender-poderes-en-zapotitlan","status":"publish","type":"post","link":"https:\/\/zonaroja.com.mx\/?p=81574","title":{"rendered":"Pese a resistencias, aprueba el Congreso suspender poderes en Zapotitl\u00e1n"},"content":{"rendered":"\n<p>Lisbeth Mej\u00eda Reyes\/Zona Roja. Foto: Archivo.<\/p>\n\n\n\n<p>Oaxaca, Oax., a 20 de junio de 2025.- Con 35 votos a favor y cinco en contra, la 66 legislatura del Congreso del Estado de Oaxaca aprob\u00f3 este 20 de junio la suspensi\u00f3n de poderes en el ayuntamiento de Zapotitl\u00e1n Palmas, distrito de Huajuapan de Le\u00f3n, al argumentar \u00abla existencia de vac\u00edo de autoridad y de ingobernabilidad que hacen imposible su funcionamiento\u00bb.<\/p>\n\n\n\n<p>La decisi\u00f3n de las y los diputados, en su mayor\u00eda del partido Morena, ocurri\u00f3 en sesi\u00f3n extraordinaria y virtual de este viernes, luego de que la semana previa hab\u00edan regresado a revisi\u00f3n el dictamen de la Comisi\u00f3n Permanente de Gobierno y Territorio, que preside el legislador Mauro Cruz S\u00e1nchez.<\/p>\n\n\n\n<p>El fallo tambi\u00e9n se dio en medio de la exigencia de la presidenta municipal, In\u00e9s Mart\u00ednez Reyes, y de organizaciones en defensa de los derechos de las mujeres para que no se violenten nuevamente sus derechos pol\u00edtico-electorales.&nbsp;<\/p>\n\n\n\n<p>Tambi\u00e9n ocurre a casi un a\u00f1o de que, en julio de 2024, el Tribunal Electoral del Estado de Oaxaca (TEEO) acredit\u00f3 que el s\u00edndico municipal, Jos\u00e9 Longinos Mart\u00ednez, y el regidor de Hacienda, Dami\u00e1n Reyes Longinos, cometieron violencia pol\u00edtica en raz\u00f3n de g\u00e9nero en contra de la edil y de la regidora de salud, Elida L\u00f3pez Mart\u00ednez.<\/p>\n\n\n\n<p>En un pronunciamiento publicado este jueves, la Red de Abogadas Ind\u00edgenas y la organizaci\u00f3n Consorcio exigieron al Congreso local no aprobar el dictamen, pues de hacerlo estar\u00edan violando los derechos pol\u00edticos de las mujeres ind\u00edgenas, habr\u00e1 un retroceso a los derechos humanos e implicar\u00e1 perpetuar la violencia pol\u00edtica en raz\u00f3n de g\u00e9nero en contra de In\u00e9s, la primera presidenta municipal de esta comunidad de la regi\u00f3n Mixteca y de sus compa\u00f1eras regidoras.<\/p>\n\n\n\n<p>En la discusi\u00f3n del dictamen, la diputada morenista Concepci\u00f3n Rueda cuestion\u00f3 a sus compa\u00f1eros de bancada al se\u00f1alar que antes la izquierda promovi\u00f3 y particip\u00f3 en la lucha de los derechos de las mujeres, pero que ahora que la izquierda es gobierno \u00ablos intereses cambiaron\u00bb, pues ya no lo son las personas m\u00e1s desprotegidas ni la justicia para las mujeres.&nbsp;<\/p>\n\n\n\n<p>\u00abHoy se usa todo el aparato de Estado para destituir de sus cargos a mujeres que han enfrentado violencia permanente y que nadie, ninguna instituci\u00f3n de gobierno, hizo algo para evitarlo\u00bb, explic\u00f3 sobre las concejales de la administraci\u00f3n 2023-2025 y elegidas por la asamblea comunitaria en 2022.<\/p>\n\n\n\n<p>De acuerdo con la diputada Dulce Bel\u00e9n Uribe Mendoza, integrante de la Comisi\u00f3n Permanente de Gobierno y Asuntos Agrarios, se trata de la suspensi\u00f3n del ayuntamiento, mas no de la desaparici\u00f3n de poderes, ya que lo que procede tras este decreto es que el Congreso \u00abdialogue m\u00e1s a fondo con los integrantes del municipio\u00bb para exponer lo que a su derecho proceda, como se se\u00f1ala en el art\u00edculo 59 de la Ley Org\u00e1nica Municipal del Estado de Oaxaca.<\/p>\n\n\n\n<p>Seg\u00fan el dictamen, la suspensi\u00f3n de poderes se debe a que ya se inici\u00f3 el procedimiento con el que se busca la desaparici\u00f3n del ayuntamiento por las causas previstas en las fracciones I, II, IV, VI y IX del art\u00edculo 58 y 59 de la Ley Org\u00e1nica Municipal del Estado de Oaxaca.<\/p>\n\n\n\n<p>De acuerdo con el art\u00edculo 59 de la Ley Org\u00e1nica, una vez que se decida por la desaparici\u00f3n del ayuntamiento, el congreso informar\u00e1 de esto al titular del poder ejecutivo del estado. Es decir, al gobernador, y ser\u00e1 este el \u00abque proceder\u00e1 a proponerle\u00bb al congreso \u00abla integraci\u00f3n de un Concejo Municipal, en los t\u00e9rminos establecidos por la Constituci\u00f3n Local y por esta ley.<\/p>\n\n\n\n<p>Previo a la suspensi\u00f3n del ayuntamiento, el Congreso aprob\u00f3 la revocaci\u00f3n de mandato de Jos\u00e9 Longinos Mart\u00ednez y Dami\u00e1n Reyes Longinos, s\u00edndico y regidor de Hacienda, respectivamente, del ayuntamiento de Zapotitl\u00e1n, y quienes han sido sancionados por el TEEO por incurrir en violencia pol\u00edtica en raz\u00f3n de g\u00e9nero de la presidenta y la regidora de salud.En medio de la persistencia de violencia contra la presidenta, el Congreso de Oaxaca aprob\u00f3 la suspensi\u00f3n del ayuntamiento en Zapotitl\u00e1n Palmas<\/p>\n\n\n\n<p>La suspensi\u00f3n, una medida previa a la desaparici\u00f3n del ayuntamiento, se debe a \u00abla existencia de vac\u00edo de autoridad y de ingobernabilidad que hacen imposible su funcionamiento\u00bb, argument\u00f3 la Comisi\u00f3n Permanente de Gobierno del Congreso.<\/p>\n","protected":false},"excerpt":{"rendered":"<p>Lisbeth Mej\u00eda Reyes\/Zona Roja. Foto: Archivo. Oaxaca, Oax., a 20 de junio de 2025.- Con&hellip;<\/p>\n","protected":false},"author":2,"featured_media":73739,"comment_status":"closed","ping_status":"open","sticky":false,"template":"","format":"standard","meta":{"_lmt_disableupdate":"","_lmt_disable":"","_jetpack_memberships_contains_paid_content":false,"footnotes":""},"categories":[109,46],"tags":[303],"class_list":["post-81574","post","type-post","status-publish","format-standard","has-post-thumbnail","hentry","category-minuto-a-minuto","category-zona-blanca","tag-congreso-del-estado-de-oaxaca"],"jetpack_featured_media_url":"https:\/\/zonaroja.com.mx\/wp-content\/uploads\/2024\/10\/Respalda-Congreso-de-Oaxaca-reformas-constitucionales-en-materia-de-transporte-ferroviario-y-de-empresas-estrategicas.jpeg","jetpack_sharing_enabled":true,"_links":{"self":[{"href":"https:\/\/zonaroja.com.mx\/index.php?rest_route=\/wp\/v2\/posts\/81574","targetHints":{"allow":["GET"]}}],"collection":[{"href":"https:\/\/zonaroja.com.mx\/index.php?rest_route=\/wp\/v2\/posts"}],"about":[{"href":"https:\/\/zonaroja.com.mx\/index.php?rest_route=\/wp\/v2\/types\/post"}],"author":[{"embeddable":true,"href":"https:\/\/zonaroja.com.mx\/index.php?rest_route=\/wp\/v2\/users\/2"}],"replies":[{"embeddable":true,"href":"https:\/\/zonaroja.com.mx\/index.php?rest_route=%2Fwp%2Fv2%2Fcomments&post=81574"}],"version-history":[{"count":1,"href":"https:\/\/zonaroja.com.mx\/index.php?rest_route=\/wp\/v2\/posts\/81574\/revisions"}],"predecessor-version":[{"id":81575,"href":"https:\/\/zonaroja.com.mx\/index.php?rest_route=\/wp\/v2\/posts\/81574\/revisions\/81575"}],"wp:featuredmedia":[{"embeddable":true,"href":"https:\/\/zonaroja.com.mx\/index.php?rest_route=\/wp\/v2\/media\/73739"}],"wp:attachment":[{"href":"https:\/\/zonaroja.com.mx\/index.php?rest_route=%2Fwp%2Fv2%2Fmedia&parent=81574"}],"wp:term":[{"taxonomy":"category","embeddable":true,"href":"https:\/\/zonaroja.com.mx\/index.php?rest_route=%2Fwp%2Fv2%2Fcategories&post=81574"},{"taxonomy":"post_tag","embeddable":true,"href":"https:\/\/zonaroja.com.mx\/index.php?rest_route=%2Fwp%2Fv2%2Ftags&post=81574"}],"curies":[{"name":"wp","href":"https:\/\/api.w.org\/{rel}","templated":true}]}}