{"id":81579,"date":"2025-06-20T21:30:17","date_gmt":"2025-06-21T03:30:17","guid":{"rendered":"https:\/\/zonaroja.com.mx\/?p=81579"},"modified":"2025-06-20T21:30:19","modified_gmt":"2025-06-21T03:30:19","slug":"anuncian-presidenta-y-gobernador-censo-en-12-municipios-mas-afectados-por-huracan","status":"publish","type":"post","link":"https:\/\/zonaroja.com.mx\/?p=81579","title":{"rendered":"Anuncian Presidenta y gobernador censo en 12 municipios m\u00e1s afectados por hurac\u00e1n\u00a0"},"content":{"rendered":"\n<p>Redacci\u00f3n\/Zona Roja.<\/p>\n\n\n\n<p>Oaxaca, Oax., a 20 de junio de 2025.- Como muestra del respaldo del gobierno de M\u00e9xico con las personas damnificadas por el hurac\u00e1n \u201cErick\u201d, la Presidenta Claudia Sheinbaum Pardo acord\u00f3 con el gobernador Salom\u00f3n Jara Cruz, la realizaci\u00f3n de un censo, casa por casa, en 12 municipios de la zona costera que registraron mayores da\u00f1os.<\/p>\n\n\n\n<p>Luego de un sobrevuelo por las comunidades afectadas por el meteoro, la Presidenta de M\u00e9xico y el mandatario estatal encabezaron una reuni\u00f3n de evaluaci\u00f3n en la sede del 54 Batall\u00f3n de Infanter\u00eda en Puerto Escondido.<\/p>\n\n\n\n<p>En este encuentro en el que participaron representantes de diversas dependencias del gobierno federal se dio a conocer que los municipios m\u00e1s afectados son: San Jos\u00e9 Estancia Grande, Santa Mar\u00eda Cortijo, Santo Domingo Armenta, Santiago Tapextla, Santa Mar\u00eda Huazolotitl\u00e1n, Santiago Jamiltepec.<\/p>\n\n\n\n<p>De igual forma, Santiago Pinotepa Nacional, San Juan Bautista Lo de Soto, Santiago Llano Grande, Santiago Tetepec, Villa de Tututepec de Melchor Ocampo y Juchit\u00e1n de Zaragoza, este \u00faltimo de la regi\u00f3n del Istmo.<\/p>\n\n\n\n<p>La Presidenta de M\u00e9xico detall\u00f3 que el suministro de v\u00edveres y agua para las personas damnificadas, estar\u00e1 a cargo de las secretar\u00edas de la Defensa Nacional (Defensa) y de la Marina (Semar). Asimismo, a trav\u00e9s de la Secretar\u00eda de Infraestructura, Comunicaciones y Transporte (SICT) se emplear\u00e1 maquinaria para la apertura de caminos.<\/p>\n\n\n\n<p>Asimismo, se determin\u00f3 que la coordinadora general de Asuntos Intergubernamentales y Participaci\u00f3n Social del Gobierno de M\u00e9xico, Leticia Ram\u00edrez Amaya, ser\u00e1 la responsable de coordinar las acciones en la regi\u00f3n de la Costa.<\/p>\n\n\n\n<p>La jefa del Ejecutivo federal estuvo acompa\u00f1ada por las secretarias de Gobernaci\u00f3n (Segob), Rosa Icela Rodr\u00edguez; de Bienestar, Ariadna Montiel Reyes; la coordinadora Nacional de Protecci\u00f3n Civil, Laura Vel\u00e1zquez Alz\u00faa, y el secretario de Infraestructura, Comunicaciones y Transportes, Jes\u00fas Antonio Esteva Medina.<\/p>\n\n\n\n<p>Tambi\u00e9n por los secretarios de la Defensa Nacional, General Ricardo Trevilla Trejo; y de Marina, almirante Raymundo Pedro Morales \u00c1ngeles; los directores generales del IMSS-Bienestar, Alejandro Svarch P\u00e9rez; y de la Comisi\u00f3n Nacional del Agua, Efra\u00edn Morales L\u00f3pez.<\/p>\n\n\n\n<figure class=\"wp-block-embed is-type-rich is-provider-twitter wp-block-embed-twitter\"><div class=\"wp-block-embed__wrapper\">\n<div class=\"twitter-tweet\"><blockquote class=\"twitter-tweet\" data-lang=\"es\"><p lang=\"es\" dir=\"ltr\">Comparte la Presidenta de M\u00e9xico, <a href=\"https:\/\/twitter.com\/Claudiashein?ref_src=twsrc%5Etfw\">@Claudiashein<\/a>, este video de su visita a Corralero, Santiago Pinotepa Nacional, para dialogar y atender las necesidades de los afectados por el hurac\u00e1n \u201cErick\u201d, junto con el gobernador de Oaxaca, <a href=\"https:\/\/twitter.com\/salomonj?ref_src=twsrc%5Etfw\">@salomonj<\/a>. <a href=\"https:\/\/t.co\/Cxhh2fCzKf\">pic.twitter.com\/Cxhh2fCzKf<\/a><\/p>&mdash; Zona Roja Oaxaca (@ZonaRoja_Oaxaca) <a href=\"https:\/\/twitter.com\/ZonaRoja_Oaxaca\/status\/1936232711737557481?ref_src=twsrc%5Etfw\">21 de junio de 2025<\/a><\/blockquote><\/div>\n<\/div><\/figure>\n","protected":false},"excerpt":{"rendered":"<p>Redacci\u00f3n\/Zona Roja. Oaxaca, Oax., a 20 de junio de 2025.- Como muestra del respaldo del&hellip;<\/p>\n","protected":false},"author":2,"featured_media":81580,"comment_status":"closed","ping_status":"open","sticky":false,"template":"","format":"standard","meta":{"_lmt_disableupdate":"","_lmt_disable":"","_jetpack_memberships_contains_paid_content":false,"footnotes":""},"categories":[109,46],"tags":[3370,4342,939],"class_list":["post-81579","post","type-post","status-publish","format-standard","has-post-thumbnail","hentry","category-minuto-a-minuto","category-zona-blanca","tag-claudia-sheinbaum","tag-huracan-erick","tag-salomon-jara-cruz"],"jetpack_featured_media_url":"https:\/\/zonaroja.com.mx\/wp-content\/uploads\/2025\/06\/Claudia-Sheinbaum-y-Salomon-Jara-Pinotepa-huracan.jpg","jetpack_sharing_enabled":true,"_links":{"self":[{"href":"https:\/\/zonaroja.com.mx\/index.php?rest_route=\/wp\/v2\/posts\/81579","targetHints":{"allow":["GET"]}}],"collection":[{"href":"https:\/\/zonaroja.com.mx\/index.php?rest_route=\/wp\/v2\/posts"}],"about":[{"href":"https:\/\/zonaroja.com.mx\/index.php?rest_route=\/wp\/v2\/types\/post"}],"author":[{"embeddable":true,"href":"https:\/\/zonaroja.com.mx\/index.php?rest_route=\/wp\/v2\/users\/2"}],"replies":[{"embeddable":true,"href":"https:\/\/zonaroja.com.mx\/index.php?rest_route=%2Fwp%2Fv2%2Fcomments&post=81579"}],"version-history":[{"count":1,"href":"https:\/\/zonaroja.com.mx\/index.php?rest_route=\/wp\/v2\/posts\/81579\/revisions"}],"predecessor-version":[{"id":81581,"href":"https:\/\/zonaroja.com.mx\/index.php?rest_route=\/wp\/v2\/posts\/81579\/revisions\/81581"}],"wp:featuredmedia":[{"embeddable":true,"href":"https:\/\/zonaroja.com.mx\/index.php?rest_route=\/wp\/v2\/media\/81580"}],"wp:attachment":[{"href":"https:\/\/zonaroja.com.mx\/index.php?rest_route=%2Fwp%2Fv2%2Fmedia&parent=81579"}],"wp:term":[{"taxonomy":"category","embeddable":true,"href":"https:\/\/zonaroja.com.mx\/index.php?rest_route=%2Fwp%2Fv2%2Fcategories&post=81579"},{"taxonomy":"post_tag","embeddable":true,"href":"https:\/\/zonaroja.com.mx\/index.php?rest_route=%2Fwp%2Fv2%2Ftags&post=81579"}],"curies":[{"name":"wp","href":"https:\/\/api.w.org\/{rel}","templated":true}]}}