{"id":81588,"date":"2025-06-21T09:25:00","date_gmt":"2025-06-21T15:25:00","guid":{"rendered":"https:\/\/zonaroja.com.mx\/?p=81588"},"modified":"2025-06-21T07:30:19","modified_gmt":"2025-06-21T13:30:19","slug":"pueblos-afromexicanos-exigen-declaratoria-de-desastre-tras-huracan","status":"publish","type":"post","link":"https:\/\/zonaroja.com.mx\/?p=81588","title":{"rendered":"Pueblos afromexicanos exigen declaratoria de desastre, tras hurac\u00e1n"},"content":{"rendered":"\n<p>Ismael Garc\u00eda M.\/Zona Roja.<\/p>\n\n\n\n<p>Oaxaca, Oax., a 21 de junio de 2025.- Integrantes de las organizaciones Colectiva de Mujeres Afromexicanas en Movimiento Mano Amiga de la Costa Chica A. C. y AfroPoderosas, hicieron un llamado a la Presidenta Claudia Sheinbaum Pardo y a los gobiernos de Oaxaca y Guerrero para emitir a la brevedad la declaratoria de desastre por los da\u00f1os causados por el hurac\u00e1n \u201cErick\u201d.<\/p>\n\n\n\n<p>En un comunicado, exhortaron a realizar un trabajo \u201cverdaderamente coordinado que atienda de manera integral la emergencia, pero sobre todo que atienda los problemas estructurales que impiden que las personas afromexicanas tengamos acceso a una vivienda digna, que nos permita hacer frente a los constantes huracanes que impactan la regi\u00f3n\u201d.<\/p>\n\n\n\n<p>Destacaron que hay muchas comunidades afroamericanas en las que a\u00fan no cicatrizan las heridas que dejaron los huracanes \u201cOtis\u201d en 2023 y \u201cJohn\u201d en 2024.&nbsp;<\/p>\n\n\n\n<p>\u201cLas im\u00e1genes de los da\u00f1os van fluyendo poco a poco, en un primer momento, se pensaba que las mayores afectaciones estaban en las comunidades que se encuentran entre los municipios de San Pedro Mixtepec y Santiago Pinotepa Nacional.<\/p>\n\n\n\n<p>\u201cSin embargo, al transcurrir de las horas empezamos a conocer la devastaci\u00f3n que caus\u00f3 en la regi\u00f3n conocida como La Llanada que incluye a los municipios de San Jos\u00e9 Estancia Grande, Santo Domingo Armenta, Santiago Tapextla, Santa Mar\u00eda Cortijos, Santiago Llano Grande, San Juan Bautista Lo de Soto y M\u00e1rtires de Tacubaya en Oaxaca.<\/p>\n\n\n\n<p>\u201cAs\u00ed como los municipios de San Nicol\u00e1s y Cuajinicuilapa en Guerrero, y Huehuet\u00e1n en el municipio de Azoy\u00fa; todos ellos comunidades con m\u00e1s del 80% de poblaci\u00f3n afromexicana\u201d.<\/p>\n\n\n\n<p>Se\u00f1alaron que esta devastaci\u00f3n es consecuencia directa no solo del cambio clim\u00e1tico sino tambi\u00e9n del racismo estructural, institucional y sist\u00e9mico que ha mantenido al margen del desarrollo al pueblo afromexicano.&nbsp;<\/p>\n\n\n\n<p>Por ello, demandaron la inmediata declaratoria de desastre en los municipios y comunidades afromexicanas.<\/p>\n\n\n\n<p>Que los tres niveles de gobierno en coordinaci\u00f3n con el pueblo afromexicano construyan un plan estrat\u00e9gico con objetivos a corto, mediano y largo plazo que abone en la disminuci\u00f3n de las desigualdades que han enfrentado hist\u00f3ricamente.&nbsp;<\/p>\n\n\n\n<p>Que el censo de afectaciones se elabore con representantes de los tres niveles de gobierno acompa\u00f1ados por comit\u00e9s comunitarios que garanticen que se incluyan a todas las familias afectadas, puesto que por las experiencias recientes los \u201cServidores de la Naci\u00f3n\u201d no siempre son o conocen las comunidades y eso provoca que los censos no incluyan a la totalidad de las personas damnificadas.<\/p>\n\n\n\n<p>Ante las afectaciones en los centros de trabajo, lanchas, cultivos y ganader\u00eda es necesario la implementaci\u00f3n de una estrategia de empleo temporal.<\/p>\n\n\n\n<p>Acceso a programas para una vivienda digna, que les permita hacer frente en mejores condiciones de seguridad a los cada vez m\u00e1s agresivos desastres naturales que azotan la regi\u00f3n.&nbsp;<\/p>\n\n\n\n<p>Una estrategia de atenci\u00f3n a la salud mental, especialmente a las infancias, para superar los efectos emocionales derivados de este fen\u00f3meno.<\/p>\n\n\n\n<p>\u201cSi bien es cierto es de reconocer que afortunadamente no hubo p\u00e9rdidas humanas, en parte por las acciones preventivas de los gobiernos federal y estatal, no se puede minimizar los enormes da\u00f1os materiales, puesto que para muchas familias afromexicanas significa perder el trabajo de una vida o el legado de generaciones\u201d.&nbsp;<\/p>\n\n\n\n<p>El pueblo afromexicano demand\u00f3 verdaderas pol\u00edticas antirracistas que combatan las profundas desigualdades que enfrentan y no solo discursos y pol\u00edticas emergentes de corto plazo.&nbsp;<\/p>\n","protected":false},"excerpt":{"rendered":"<p>Ismael Garc\u00eda M.\/Zona Roja. Oaxaca, Oax., a 21 de junio de 2025.- Integrantes de las&hellip;<\/p>\n","protected":false},"author":2,"featured_media":81589,"comment_status":"closed","ping_status":"open","sticky":false,"template":"","format":"standard","meta":{"_lmt_disableupdate":"","_lmt_disable":"","_jetpack_memberships_contains_paid_content":false,"footnotes":""},"categories":[109,47],"tags":[4342],"class_list":["post-81588","post","type-post","status-publish","format-standard","has-post-thumbnail","hentry","category-minuto-a-minuto","category-zona-gris","tag-huracan-erick"],"jetpack_featured_media_url":"https:\/\/zonaroja.com.mx\/wp-content\/uploads\/2025\/06\/Claudia-Sheinbaum-visita-Costa-de-Oaxaca.jpeg","jetpack_sharing_enabled":true,"_links":{"self":[{"href":"https:\/\/zonaroja.com.mx\/index.php?rest_route=\/wp\/v2\/posts\/81588","targetHints":{"allow":["GET"]}}],"collection":[{"href":"https:\/\/zonaroja.com.mx\/index.php?rest_route=\/wp\/v2\/posts"}],"about":[{"href":"https:\/\/zonaroja.com.mx\/index.php?rest_route=\/wp\/v2\/types\/post"}],"author":[{"embeddable":true,"href":"https:\/\/zonaroja.com.mx\/index.php?rest_route=\/wp\/v2\/users\/2"}],"replies":[{"embeddable":true,"href":"https:\/\/zonaroja.com.mx\/index.php?rest_route=%2Fwp%2Fv2%2Fcomments&post=81588"}],"version-history":[{"count":1,"href":"https:\/\/zonaroja.com.mx\/index.php?rest_route=\/wp\/v2\/posts\/81588\/revisions"}],"predecessor-version":[{"id":81590,"href":"https:\/\/zonaroja.com.mx\/index.php?rest_route=\/wp\/v2\/posts\/81588\/revisions\/81590"}],"wp:featuredmedia":[{"embeddable":true,"href":"https:\/\/zonaroja.com.mx\/index.php?rest_route=\/wp\/v2\/media\/81589"}],"wp:attachment":[{"href":"https:\/\/zonaroja.com.mx\/index.php?rest_route=%2Fwp%2Fv2%2Fmedia&parent=81588"}],"wp:term":[{"taxonomy":"category","embeddable":true,"href":"https:\/\/zonaroja.com.mx\/index.php?rest_route=%2Fwp%2Fv2%2Fcategories&post=81588"},{"taxonomy":"post_tag","embeddable":true,"href":"https:\/\/zonaroja.com.mx\/index.php?rest_route=%2Fwp%2Fv2%2Ftags&post=81588"}],"curies":[{"name":"wp","href":"https:\/\/api.w.org\/{rel}","templated":true}]}}