{"id":8159,"date":"2020-01-28T21:12:21","date_gmt":"2020-01-29T03:12:21","guid":{"rendered":"http:\/\/www.zonaroja.com.mx\/?p=8159"},"modified":"2020-01-28T22:00:00","modified_gmt":"2020-01-29T04:00:00","slug":"recomendados-en-terna-para-magistrado-del-tribunal-superior-de-justicia","status":"publish","type":"post","link":"https:\/\/zonaroja.com.mx\/?p=8159","title":{"rendered":"Recomendados, en terna para magistrado del Tribunal Superior de Justicia"},"content":{"rendered":"\n<p>Yuridiana Sosa\/Zona Roja.<\/p>\n\n\n\n<p>Oaxaca de Ju\u00e1rez, Oax., 27 de enero de\n2020.- Un amigo de funcionarios del gobierno estatal, un supuesto l\u00edder porril\ny un juez, conforman la terna para ocupar un cargo como magistrado en el\nTribunal Superior de Justicia del Estado de Oaxaca, lugar que qued\u00f3 libre tras\nla muerte del magistrado Sergio Sa\u00fal Estrada Romero.<\/p>\n\n\n\n<p>De acuerdo con la Consejer\u00eda Jur\u00eddica, la terna fue enviada al Congreso del Estado por el titular del Poder Ejecutivo, Alejandro Murat Hinojosa.<\/p>\n\n\n\n<p>En la terna no figuran mujeres como\nparte de una equidad de g\u00e9nero en la postulaci\u00f3n de cargos p\u00fablicos, pero s\u00ed se\nencuentran personajes cercanos al Gobierno del Estado.<\/p>\n\n\n\n<p>El abogado \u00c1ngel Alejo Torres, es el primero en la lista de los candidatos a magistrado y es el recomendado por el mandatario. En su historial p\u00fablico como funcionario gubernamental sobresale su nombramiento como Consejero Jur\u00eddico del Gobierno del Estado, as\u00ed como encabezar la defensa jur\u00eddica del gobernador Alejandro Murat Hinojosa posterior a su elecci\u00f3n.<\/p>\n\n\n\n<p>En el a\u00f1o 2016 tambi\u00e9n fungi\u00f3 como\nrepresentante del Partido Revolucionario Institucional (PRI) ante el Consejo\nGeneral del Instituto Estatal Electoral y de Participaci\u00f3n Ciudadana de Oaxaca\n(IEEPCO).<\/p>\n\n\n\n<p>Los esc\u00e1ndalos han formado parte de su carrera, debido a que entre los beneficiados de los consentimientos para ejercer como Notario P\u00fablica, a finales del mandato de Gabino Cu\u00e9 Monteagudo, fue su hermana Elsa Ang\u00e9lica Alejo Torres, ex ex consejera de la Judicatura, mientras que su hermano V\u00edctor Hugo Alejo figur\u00f3 como Consejero Jur\u00eddico del Poder Ejecutivo en el sexenio anterior.<\/p>\n\n\n\n<p>Asimismo, \u00c1ngel Alejo Torres es se\u00f1alado de c\u00f3mplice de una flagrante violaci\u00f3n a la independencia del Poder Judicial, al participar en la elaboraci\u00f3n del oficio del frustrado cese del ahora presidente del Tribunal, el cual fue redactado desde una oficina del Palacio de Gobierno en conjunto con el Consejero Jur\u00eddico del gobernador.<\/p>\n\n\n\n<p>En segundo lugar, lo ocupa el abogado\nJos\u00e9 Antonio \u00c1lvarez Hern\u00e1ndez, ex aspirante a dirigir la Defensor\u00eda de los\nDerechos Humanos del Pueblo de Oaxaca (DDHPO) en el proceso reciente.<\/p>\n\n\n\n<p>Pero, adem\u00e1s, el tambi\u00e9n el catedr\u00e1tico\ny coordinador de Estudios de Posgrado de la Facultad de Derecho y Ciencias\nSociales de la Universidad Aut\u00f3noma Benito Ju\u00e1rez de Oaxaca (UABJO) fue\nse\u00f1alado por opositores de planear desorden pol\u00edtico en el interior de la\nM\u00e1xima Casa de Estudios.<\/p>\n\n\n\n<p>En 2016 fue designado como nuevo\ndirector general del Instituto de Estudios de Bachillerato del Estado de Oaxaca\n(IEBO), as\u00ed como ocup\u00f3 la Secretar\u00eda Ejecutiva de la Comisi\u00f3n para la Defensa\nde los Derechos Humanos de Oaxaca y fue consejero de la Judicatura del Poder\nJudicial del Estado de Oaxaca.<\/p>\n\n\n\n<p>Finalmente, el gobernador propone ante el Congreso del Estado a Jorge L\u00f3pez Reyes, Juez de control del Poder Judicial del Estado (PJE), Licenciado en Derecho y Maestro en Derecho Penal, con especialidad en Derecho Familiar.<\/p>\n\n\n\n<p>Queda en manos del pleno de la 64 Legislatura del Congreso Estatal votar por quien ocupar\u00e1 el cargo de magistrado dentro del Tribunal Superior de Oaxaca. No obstante, el oficio fue enviado en diciembre pasado y el lapso de 20 d\u00edas naturales ya corri\u00f3, por lo que ahora ser\u00eda el gobernador Murat quien designar\u00eda al magistrado, cargo que recaer\u00eda en Alejo Torres.<\/p>\n","protected":false},"excerpt":{"rendered":"<p>Yuridiana Sosa\/Zona Roja. Oaxaca de Ju\u00e1rez, Oax., 27 de enero de 2020.- Un amigo de&hellip;<\/p>\n","protected":false},"author":2,"featured_media":8160,"comment_status":"closed","ping_status":"open","sticky":false,"template":"","format":"standard","meta":{"_lmt_disableupdate":"","_lmt_disable":"","_jetpack_memberships_contains_paid_content":false,"footnotes":""},"categories":[109,47],"tags":[66],"class_list":["post-8159","post","type-post","status-publish","format-standard","has-post-thumbnail","hentry","category-minuto-a-minuto","category-zona-gris","tag-tribunal-superior-de-justicia"],"jetpack_featured_media_url":"https:\/\/zonaroja.com.mx\/wp-content\/uploads\/2020\/01\/Poder-Judicial.jpg","jetpack_sharing_enabled":true,"_links":{"self":[{"href":"https:\/\/zonaroja.com.mx\/index.php?rest_route=\/wp\/v2\/posts\/8159","targetHints":{"allow":["GET"]}}],"collection":[{"href":"https:\/\/zonaroja.com.mx\/index.php?rest_route=\/wp\/v2\/posts"}],"about":[{"href":"https:\/\/zonaroja.com.mx\/index.php?rest_route=\/wp\/v2\/types\/post"}],"author":[{"embeddable":true,"href":"https:\/\/zonaroja.com.mx\/index.php?rest_route=\/wp\/v2\/users\/2"}],"replies":[{"embeddable":true,"href":"https:\/\/zonaroja.com.mx\/index.php?rest_route=%2Fwp%2Fv2%2Fcomments&post=8159"}],"version-history":[{"count":3,"href":"https:\/\/zonaroja.com.mx\/index.php?rest_route=\/wp\/v2\/posts\/8159\/revisions"}],"predecessor-version":[{"id":8166,"href":"https:\/\/zonaroja.com.mx\/index.php?rest_route=\/wp\/v2\/posts\/8159\/revisions\/8166"}],"wp:featuredmedia":[{"embeddable":true,"href":"https:\/\/zonaroja.com.mx\/index.php?rest_route=\/wp\/v2\/media\/8160"}],"wp:attachment":[{"href":"https:\/\/zonaroja.com.mx\/index.php?rest_route=%2Fwp%2Fv2%2Fmedia&parent=8159"}],"wp:term":[{"taxonomy":"category","embeddable":true,"href":"https:\/\/zonaroja.com.mx\/index.php?rest_route=%2Fwp%2Fv2%2Fcategories&post=8159"},{"taxonomy":"post_tag","embeddable":true,"href":"https:\/\/zonaroja.com.mx\/index.php?rest_route=%2Fwp%2Fv2%2Ftags&post=8159"}],"curies":[{"name":"wp","href":"https:\/\/api.w.org\/{rel}","templated":true}]}}