{"id":81591,"date":"2025-06-21T10:45:00","date_gmt":"2025-06-21T16:45:00","guid":{"rendered":"https:\/\/zonaroja.com.mx\/?p=81591"},"modified":"2025-06-21T07:37:13","modified_gmt":"2025-06-21T13:37:13","slug":"detienen-a-presunto-lider-criminal-en-la-region-del-istmo","status":"publish","type":"post","link":"https:\/\/zonaroja.com.mx\/?p=81591","title":{"rendered":"Detienen a presunto l\u00edder criminal en la regi\u00f3n del Istmo"},"content":{"rendered":"\n<p>Redacci\u00f3n\/Zona Roja.<\/p>\n\n\n\n<p>Oaxaca, Oax., a 21 de junio de 2025.- Resultado las investigaciones ministeriales, la Fiscal\u00eda General del Estado de Oaxaca (FGEO) ejecut\u00f3 una orden de aprehensi\u00f3n en contra de una persona del sexo masculino identificado como J.A.H.G. por el delito de secuestro agravado, hechos ocurridos en el Istmo de Tehuantepec.<\/p>\n\n\n\n<p>De acuerdo con el expediente penal, los hechos ocurrieron el 18 de julio de 2023, cuando la v\u00edctima se encontraba en calles de la colonia Cinco de Diciembre, en el puerto de Salina Cruz, cuando dos sujetos y una mujer quienes lo privaron ilegalmente de la libertad para posteriormente llamar a sus familiares a quienes les pidieron dinero en efectivo para liberar a la v\u00edctima.<\/p>\n\n\n\n<p>Tras recibir la denuncia se implement\u00f3 un operativo a trav\u00e9s la Fiscal\u00eda Especializada en Delitos de Alto Impacto y la Unidad Especializada en Combate al Secuestro (UECS), que permiti\u00f3 el 05 de agosto de 2023 la detenci\u00f3n de dos personas, una del sexo masculino identificado como C.E.O.&nbsp; y otra del sexo femenino identificada como H.S.L.S., quienes fueron presentadas ante la autoridad correspondiente para que se determinara su situaci\u00f3n jur\u00eddica.<\/p>\n\n\n\n<p>La Fiscal\u00eda de Oaxaca lleva a cabo las labores de investigaci\u00f3n e inteligencia criminal, lo que deriv\u00f3 en la obtenci\u00f3n y ejecuci\u00f3n de una orden de aprehensi\u00f3n en contra de&nbsp; J.A.H.G., por el delito de secuestro agravado, quien fue puesto a disposici\u00f3n de la autoridad correspondiente para que se determine su situaci\u00f3n jur\u00eddica.<\/p>\n\n\n\n<p>VINCULADO A PROCESO&nbsp;<\/p>\n\n\n\n<p>En otro caso, la Fiscal\u00eda General dio cumplimiento a una orden de aprehensi\u00f3n en contra de persona del sexo masculino identificado como F.N.O.A., imputado por el delito de abuso sexual en agravio de una familiar, hechos ocurridos en la regi\u00f3n de los Valles Centrales.&nbsp;<\/p>\n\n\n\n<p>Conforme al expediente penal del caso, los hechos ocurrieron entre los d\u00edas 17, 18 y 19 de enero de 2025, cuando la v\u00edctima -una mujer, cuya identidad est\u00e1 reservada por ley- se encontraba en el interior de un domicilio habilitado como restaurante ubicado en la calle Narciso Mendoza del municipio de Santa Luc\u00eda del Camino, lugar donde el agresor que result\u00f3 la atac\u00f3 de manera sexual.<\/p>\n\n\n\n<p>Ante estos hechos, y tras la denuncia interpuesta, la Fiscal\u00eda de Oaxaca inici\u00f3 las investigaciones correspondientes a trav\u00e9s de la Fiscal\u00eda Especializada en Atenci\u00f3n a Delitos Contra las Mujeres, lo que permiti\u00f3 obtener una orden de aprehensi\u00f3n y posteriormente elementos de la Agencia Estatal de Investigaciones (AEI) realizaron la detenci\u00f3n de F.N.O.A., quien fue llevado ante el juez de control quien le realiz\u00f3 la formulaci\u00f3n de imputaci\u00f3n por el delito de abuso sexual agravado.<\/p>\n\n\n\n<p>En tanto, la Fiscal\u00eda de Oaxaca hizo la solicitud de la vinculaci\u00f3n a proceso, logrando obtener la medida cautelar de prisi\u00f3n preventiva justificada a espera de la siguiente audiencia.<\/p>\n","protected":false},"excerpt":{"rendered":"<p>Redacci\u00f3n\/Zona Roja. Oaxaca, Oax., a 21 de junio de 2025.- Resultado las investigaciones ministeriales, la&hellip;<\/p>\n","protected":false},"author":2,"featured_media":81592,"comment_status":"closed","ping_status":"open","sticky":false,"template":"","format":"standard","meta":{"_lmt_disableupdate":"","_lmt_disable":"","_jetpack_memberships_contains_paid_content":false,"footnotes":""},"categories":[109,46],"tags":[494],"class_list":["post-81591","post","type-post","status-publish","format-standard","has-post-thumbnail","hentry","category-minuto-a-minuto","category-zona-blanca","tag-fiscalia-general-del-estado-de-oaxaca"],"jetpack_featured_media_url":"https:\/\/zonaroja.com.mx\/wp-content\/uploads\/2025\/06\/Detenido-por-secuestro-en-el-Istmo.jpg","jetpack_sharing_enabled":true,"_links":{"self":[{"href":"https:\/\/zonaroja.com.mx\/index.php?rest_route=\/wp\/v2\/posts\/81591","targetHints":{"allow":["GET"]}}],"collection":[{"href":"https:\/\/zonaroja.com.mx\/index.php?rest_route=\/wp\/v2\/posts"}],"about":[{"href":"https:\/\/zonaroja.com.mx\/index.php?rest_route=\/wp\/v2\/types\/post"}],"author":[{"embeddable":true,"href":"https:\/\/zonaroja.com.mx\/index.php?rest_route=\/wp\/v2\/users\/2"}],"replies":[{"embeddable":true,"href":"https:\/\/zonaroja.com.mx\/index.php?rest_route=%2Fwp%2Fv2%2Fcomments&post=81591"}],"version-history":[{"count":1,"href":"https:\/\/zonaroja.com.mx\/index.php?rest_route=\/wp\/v2\/posts\/81591\/revisions"}],"predecessor-version":[{"id":81593,"href":"https:\/\/zonaroja.com.mx\/index.php?rest_route=\/wp\/v2\/posts\/81591\/revisions\/81593"}],"wp:featuredmedia":[{"embeddable":true,"href":"https:\/\/zonaroja.com.mx\/index.php?rest_route=\/wp\/v2\/media\/81592"}],"wp:attachment":[{"href":"https:\/\/zonaroja.com.mx\/index.php?rest_route=%2Fwp%2Fv2%2Fmedia&parent=81591"}],"wp:term":[{"taxonomy":"category","embeddable":true,"href":"https:\/\/zonaroja.com.mx\/index.php?rest_route=%2Fwp%2Fv2%2Fcategories&post=81591"},{"taxonomy":"post_tag","embeddable":true,"href":"https:\/\/zonaroja.com.mx\/index.php?rest_route=%2Fwp%2Fv2%2Ftags&post=81591"}],"curies":[{"name":"wp","href":"https:\/\/api.w.org\/{rel}","templated":true}]}}