{"id":81596,"date":"2025-06-21T11:50:00","date_gmt":"2025-06-21T17:50:00","guid":{"rendered":"https:\/\/zonaroja.com.mx\/?p=81596"},"modified":"2025-06-21T08:14:58","modified_gmt":"2025-06-21T14:14:58","slug":"congreso-de-oaxaca-habilita-centro-de-acopio-para-afectados-por-huracan","status":"publish","type":"post","link":"https:\/\/zonaroja.com.mx\/?p=81596","title":{"rendered":"Congreso de Oaxaca habilita centro de acopio para afectados por hurac\u00e1n"},"content":{"rendered":"\n<p>Redacci\u00f3n\/Zona Roja.<\/p>\n\n\n\n<p>Oaxaca, Oax., a 21 de junio de 2025.- Ante la emergencia ocasionada por el paso del hurac\u00e1n \u201cErick\u201d en las regiones de la entidad, el Congreso del Estado habilit\u00f3 un centro de acopio como un gesto solidario y humanitario en las instalaciones del recinto legislativo, con el objetivo de reunir v\u00edveres y productos de primera necesidad en apoyo a las personas damnificadas.<\/p>\n\n\n\n<p>Al respecto, el presidente de la Junta de Coordinaci\u00f3n Pol\u00edtica (Jucopo), diputado Benjam\u00edn Viveros Montalvo, inform\u00f3 que la ayuda proporcionada por parte de la ciudadan\u00eda ser\u00e1 entregada al Sistema Estatal para el Desarrollo Integral de la Familia (DIF) de Oaxaca, para su entrega en las zonas m\u00e1s afectadas, principalmente de la Costa, Istmo de Tehuantepec y Sierra Sur.<\/p>\n\n\n\n<p>Este centro de acopio recibir\u00e1 alimentos no perecederos, medicamentos no caducados y sellados, art\u00edculos de limpieza e higiene personal, herramientas y alimento para mascotas.<\/p>\n\n\n\n<p>Los v\u00edveres ser\u00e1n recibidos hasta el 23 de junio en la sede del Congreso local que se ubica en la Calle 14 Oriente No. 1, San Raymundo Jalpan, en un horario de 09:00 a 17:00 horas.<\/p>\n\n\n\n<p>Viveros Montalvo destac\u00f3 que en estos momentos debe prevalecer la unidad y la empat\u00eda \u201cporque somos un pueblo fraterno, generoso y solidario que siempre demostramos nuestra fortaleza en la adversidad\u201d, dijo.<\/p>\n\n\n\n<p>De esta manera, extendi\u00f3 el llamado a la poblaci\u00f3n en general, al personal que trabaja en el Poder Legislativo, instituciones y organizaciones civiles a contribuir con esta causa y ayudar a quienes resultaron perjudicados por el fen\u00f3meno natural.<\/p>\n","protected":false},"excerpt":{"rendered":"<p>Redacci\u00f3n\/Zona Roja. Oaxaca, Oax., a 21 de junio de 2025.- Ante la emergencia ocasionada por&hellip;<\/p>\n","protected":false},"author":2,"featured_media":81597,"comment_status":"closed","ping_status":"open","sticky":false,"template":"","format":"standard","meta":{"_lmt_disableupdate":"","_lmt_disable":"","_jetpack_memberships_contains_paid_content":false,"footnotes":""},"categories":[109,46],"tags":[3664],"class_list":["post-81596","post","type-post","status-publish","format-standard","has-post-thumbnail","hentry","category-minuto-a-minuto","category-zona-blanca","tag-benjamin-viveros-montalvo"],"jetpack_featured_media_url":"https:\/\/zonaroja.com.mx\/wp-content\/uploads\/2025\/06\/Benjamin-viveros-centro-de-acopio.jpeg","jetpack_sharing_enabled":true,"_links":{"self":[{"href":"https:\/\/zonaroja.com.mx\/index.php?rest_route=\/wp\/v2\/posts\/81596","targetHints":{"allow":["GET"]}}],"collection":[{"href":"https:\/\/zonaroja.com.mx\/index.php?rest_route=\/wp\/v2\/posts"}],"about":[{"href":"https:\/\/zonaroja.com.mx\/index.php?rest_route=\/wp\/v2\/types\/post"}],"author":[{"embeddable":true,"href":"https:\/\/zonaroja.com.mx\/index.php?rest_route=\/wp\/v2\/users\/2"}],"replies":[{"embeddable":true,"href":"https:\/\/zonaroja.com.mx\/index.php?rest_route=%2Fwp%2Fv2%2Fcomments&post=81596"}],"version-history":[{"count":1,"href":"https:\/\/zonaroja.com.mx\/index.php?rest_route=\/wp\/v2\/posts\/81596\/revisions"}],"predecessor-version":[{"id":81598,"href":"https:\/\/zonaroja.com.mx\/index.php?rest_route=\/wp\/v2\/posts\/81596\/revisions\/81598"}],"wp:featuredmedia":[{"embeddable":true,"href":"https:\/\/zonaroja.com.mx\/index.php?rest_route=\/wp\/v2\/media\/81597"}],"wp:attachment":[{"href":"https:\/\/zonaroja.com.mx\/index.php?rest_route=%2Fwp%2Fv2%2Fmedia&parent=81596"}],"wp:term":[{"taxonomy":"category","embeddable":true,"href":"https:\/\/zonaroja.com.mx\/index.php?rest_route=%2Fwp%2Fv2%2Fcategories&post=81596"},{"taxonomy":"post_tag","embeddable":true,"href":"https:\/\/zonaroja.com.mx\/index.php?rest_route=%2Fwp%2Fv2%2Ftags&post=81596"}],"curies":[{"name":"wp","href":"https:\/\/api.w.org\/{rel}","templated":true}]}}