{"id":81604,"date":"2025-06-21T15:04:00","date_gmt":"2025-06-21T21:04:00","guid":{"rendered":"https:\/\/zonaroja.com.mx\/?p=81604"},"modified":"2025-06-21T08:06:14","modified_gmt":"2025-06-21T14:06:14","slug":"por-denuncias-de-gobernadora-cierran-periodico-digital-en-campeche","status":"publish","type":"post","link":"https:\/\/zonaroja.com.mx\/?p=81604","title":{"rendered":"Por denuncias de gobernadora, cierran peri\u00f3dico digital en Campeche"},"content":{"rendered":"\n<p>Redacci\u00f3n\/Zona Roja Cdmx.<\/p>\n\n\n\n<p>Ciudad de M\u00e9xico, a 21 de junio de 2025.- El diario \u201cTribuna\u201d est\u00e1 cerrado luego de 50 a\u00f1os de haber realizado la labor de informar a los habitantes de Campeche.&nbsp;<\/p>\n\n\n\n<p>Carlos Sansores P\u00e9rez \u2013quien gobern\u00f3 el estado hace poco m\u00e1s de medio siglo\u2013 lo fund\u00f3 el 11 de junio de 1975, como el primer peri\u00f3dico impreso en la entidad y el pasado 13 de junio dej\u00f3 de operar en forma digital por un resolutivo de una jueza a favor de su hija Layda Sansores San Rom\u00e1n.<\/p>\n\n\n\n<p>Lo anterior fue el resultado de un juicio que se prolong\u00f3 por dos a\u00f1os y siete meses, en donde la gobernadora morenista denunci\u00f3 a Organizaci\u00f3n Editorial del Sureste \u2013editora de \u201cTribuna\u201d\u2013, a su ex director, Jorge Luis Gonz\u00e1lez Valdez, y al administrador, Isidro Yerbes, por los presuntos delitos de incitaci\u00f3n al odio y a la violencia, difamaci\u00f3n y calumnias.<\/p>\n\n\n\n<p>La querella fue secundada por la secretaria estatal de Protecci\u00f3n y Seguridad Ciudadana, Marcela Mu\u00f1oz, por los mismos cargos.<\/p>\n\n\n\n<p>Contra Gonz\u00e1lez Valdez y Tribuna, Sansores San Rom\u00e1n tambi\u00e9n present\u00f3 demandas por violencia pol\u00edtica en raz\u00f3n de g\u00e9nero ante el Instituto Electoral del Estado que le concedi\u00f3 la raz\u00f3n, la cual fue ratificada por el Tribunal Electoral Estatal.<\/p>\n\n\n\n<p>Los juzgados, el Ministerio P\u00fablico y las autoridades electorales emitieron medidas cautelares contra Jorge Luis Gonz\u00e1lez para dejar de ejercer \u201cviolencia de g\u00e9nero\u201d contra la mandataria y su titular de Seguridad, y emitieron una \u201cmedida de protecci\u00f3n\u201d a favor de ambas, para que en su ejercicio period\u00edstico no se refiera a ellas ni las mencione.<\/p>\n\n\n\n<p>El periodista impugn\u00f3 y continu\u00f3 con su labor como analista del programa semanal Expediente que se transmit\u00eda por la plataforma de Telemar, ya que se hab\u00eda jubilado como director de Tribuna desde 2017.<\/p>\n\n\n\n<p>Finalmente, el pasado 13 de junio, la jueza Guadalupe Mart\u00ednez Taboada lo vincul\u00f3 a proceso, le prohibi\u00f3 ejercer el periodismo por espacio de dos a\u00f1os, orden\u00f3 el cierre de la plataforma digital Tribuna \u2013pues desde el 18 de enero de 2024 ya no sal\u00eda en papel\u2013, por ese mismo lapso, y tambi\u00e9n vincul\u00f3 a proceso al administrador de la p\u00e1gina, Isidro Yerbes.<\/p>\n\n\n\n<p>NO ES DEFINITIVO<\/p>\n\n\n\n<p>El presidente del Tribunal Superior de Justicia de Campeche, Manuel Enrique Minet Marrero evit\u00f3 opinar sobre el fallo de la jueza Mart\u00ednez Taboada, pero expuso que el proceso est\u00e1 en fase inicial y que las medidas cautelares que se impusieron son por un determinado tiempo, no son definitivas.<\/p>\n\n\n\n<p>El cierre de la investigaci\u00f3n, precis\u00f3, est\u00e1 fijado para dos meses, para agosto que es cuando se va tomar la decisi\u00f3n final. Adem\u00e1s, las partes tienen los medios de defensa como la apelaci\u00f3n o el amparo, por lo que no es una decisi\u00f3n absoluta.<\/p>\n\n\n\n<p>Sobre este caso que ha generado controversia en todo el pa\u00eds, la gobernadora Layda Sansores neg\u00f3 que se trate de un ataque a la libertad de expresi\u00f3n o que sea censura, y acus\u00f3 al periodista de atacarla de manera sistem\u00e1tica con insultos y ofensas en sus escritos, pues se\u00f1al\u00f3 que le ha dicho gorda, anciana, fea, \u201cmam\u00e1 de Chucky\u201d y otros calificativos, \u201cque no tienen nada de libertad de expresi\u00f3n, sino libertad de agresi\u00f3n\u201d.<\/p>\n\n\n\n<p>(Informaci\u00f3n de \u201cLa Jornada\u201d)<\/p>\n","protected":false},"excerpt":{"rendered":"<p>Redacci\u00f3n\/Zona Roja Cdmx. Ciudad de M\u00e9xico, a 21 de junio de 2025.- El diario \u201cTribuna\u201d&hellip;<\/p>\n","protected":false},"author":2,"featured_media":81605,"comment_status":"closed","ping_status":"open","sticky":false,"template":"","format":"standard","meta":{"_lmt_disableupdate":"","_lmt_disable":"","_jetpack_memberships_contains_paid_content":false,"footnotes":""},"categories":[109,47],"tags":[4343],"class_list":["post-81604","post","type-post","status-publish","format-standard","has-post-thumbnail","hentry","category-minuto-a-minuto","category-zona-gris","tag-diario-tribuna-de-campeche"],"jetpack_featured_media_url":"https:\/\/zonaroja.com.mx\/wp-content\/uploads\/2025\/06\/Diario-Tribuna-de-Campeche.webp","jetpack_sharing_enabled":true,"_links":{"self":[{"href":"https:\/\/zonaroja.com.mx\/index.php?rest_route=\/wp\/v2\/posts\/81604","targetHints":{"allow":["GET"]}}],"collection":[{"href":"https:\/\/zonaroja.com.mx\/index.php?rest_route=\/wp\/v2\/posts"}],"about":[{"href":"https:\/\/zonaroja.com.mx\/index.php?rest_route=\/wp\/v2\/types\/post"}],"author":[{"embeddable":true,"href":"https:\/\/zonaroja.com.mx\/index.php?rest_route=\/wp\/v2\/users\/2"}],"replies":[{"embeddable":true,"href":"https:\/\/zonaroja.com.mx\/index.php?rest_route=%2Fwp%2Fv2%2Fcomments&post=81604"}],"version-history":[{"count":1,"href":"https:\/\/zonaroja.com.mx\/index.php?rest_route=\/wp\/v2\/posts\/81604\/revisions"}],"predecessor-version":[{"id":81606,"href":"https:\/\/zonaroja.com.mx\/index.php?rest_route=\/wp\/v2\/posts\/81604\/revisions\/81606"}],"wp:featuredmedia":[{"embeddable":true,"href":"https:\/\/zonaroja.com.mx\/index.php?rest_route=\/wp\/v2\/media\/81605"}],"wp:attachment":[{"href":"https:\/\/zonaroja.com.mx\/index.php?rest_route=%2Fwp%2Fv2%2Fmedia&parent=81604"}],"wp:term":[{"taxonomy":"category","embeddable":true,"href":"https:\/\/zonaroja.com.mx\/index.php?rest_route=%2Fwp%2Fv2%2Fcategories&post=81604"},{"taxonomy":"post_tag","embeddable":true,"href":"https:\/\/zonaroja.com.mx\/index.php?rest_route=%2Fwp%2Fv2%2Ftags&post=81604"}],"curies":[{"name":"wp","href":"https:\/\/api.w.org\/{rel}","templated":true}]}}