{"id":81610,"date":"2025-06-22T14:15:00","date_gmt":"2025-06-22T20:15:00","guid":{"rendered":"https:\/\/zonaroja.com.mx\/?p=81610"},"modified":"2025-06-22T08:29:29","modified_gmt":"2025-06-22T14:29:29","slug":"periodismo-en-la-era-digital-presentame-a-tu-tuitera-periodista","status":"publish","type":"post","link":"https:\/\/zonaroja.com.mx\/?p=81610","title":{"rendered":"Periodismo en la era digital: \u201cPres\u00e9ntame a tu tuitera, periodista\u201d \u2026"},"content":{"rendered":"\n<p>Misael S\u00e1nchez\/Agencia Oaxaca Mx.<\/p>\n\n\n\n<p>Oaxaca, Oax., a 21 de junio de 2025.- A bocajarro, sin anestesia ni protocolo, lo dijo como quien echa sal en una herida todav\u00eda fresca:<\/p>\n\n\n\n<p>\u2014Pres\u00e9ntame a tu tuitera, periodista. O tuitero, o lo que sea. Le voy a pagar mejor que t\u00fa\u2026<\/p>\n\n\n\n<p>La frase no vino de un lector agradecido ni de un colega curioso. Vino de un funcionario, de uno de esos hijos de la chingada que eran enanos, pero ahora ya no necesitan rueda de prensa, porque tienen su \u201cequipo digital\u201d y su \u201ccomunidad virtual\u201d. Que hasta se sienten influencers. Uno de esos que creen que el periodismo se hace con hashtags y bots bien alimentados.<\/p>\n\n\n\n<p>El\u00edas de la Torre \u2014reportero mixteco de los de antes, de los de libreta arrugada y zapatos empolvados\u2014 se qued\u00f3 pasmado. Le sudaban las palmas y no por el calor. Lo mir\u00f3 con la incredulidad de quien ha presenciado una escena que el manual del periodista jam\u00e1s anticip\u00f3.<\/p>\n\n\n\n<p>No era una ofensa, ni siquiera una sospecha. Era peor. Una confirmaci\u00f3n. El periodismo ya no solo era escribir bien y reportar mejor. Ahora tambi\u00e9n era saber vender, hacer retuits estrat\u00e9gicos, subir un video de 15 segundos con subt\u00edtulos y m\u00fasica de fondo. Y s\u00ed, tener un \u00abtuitero\u00bb, alguien que operara las redes como un domador de serpientes.<\/p>\n\n\n\n<p>En otro tiempo, los periodistas sab\u00edan que su palabra pod\u00eda pesar m\u00e1s que la de un gobernador. Ahora, su palabra necesita filtros, dise\u00f1o gr\u00e1fico y un community manager. Recortar videos, con las u\u00f1as, en el celular. Necesita encajar en el algoritmo como si fuera un poema de Bukowski pasado por Canva.<\/p>\n\n\n\n<p>Aquel d\u00eda, las noticias no se coc\u00edan en la redacci\u00f3n ni en la calle. Se coc\u00edan en los dashboards, en las m\u00e9tricas, en la cantidad de reacciones que una nota pod\u00eda generar antes de que alguien la leyera completa. Val\u00edas madre si ten\u00edas pocas vistas en Facebook. Como si el muro fuera para ajusticiamiento.<\/p>\n\n\n\n<p>\u2014Que si el tweet ya est\u00e1, que si el reel, que si el copy para Facebook&#8230;<\/p>\n\n\n\n<p>As\u00ed hablaban los nuevos editores, los que ya no saben de corrido qui\u00e9n fue Ryszard Kapu\u015bci\u0144ski, pero dominan el Hootsuite como si fuera su espada samur\u00e1i.<\/p>\n\n\n\n<p>Y en medio de eso, estaba \u00e9l: El\u00edas.<\/p>\n\n\n\n<p>Solo con su teclado, su caf\u00e9 recalentado, su esposa lectora y un par de libros en el bur\u00f3.<\/p>\n\n\n\n<p>No hab\u00eda tuitero. Esa fue la verdad que m\u00e1s le doli\u00f3.<\/p>\n\n\n\n<p>El\u00edas lo hac\u00eda todo. Escrib\u00eda, editaba, sub\u00eda, compart\u00eda. Lo hac\u00eda a la antigua y a la moderna al mismo tiempo, como un equilibrista sobre una red de wifi inestable. Y en las noches, su esposa le\u00eda y rele\u00eda. No por dinero, sino por amor, ese que ya ni las redacciones reconocen.<\/p>\n\n\n\n<p>El \u201cle voy a pagar mejor que t\u00fa\u201d fue el disparo final. No por el dinero, que nunca alcanzaba, sino por el descaro. Porque en esa frase estaba contenida la tragedia del periodismo moderno: que ya no importa el contenido, sino el envoltorio. Que lo que vale no es la nota, sino el alcance. Y que el autor puede ser reemplazado por una app con inteligencia artificial y emojis.<\/p>\n\n\n\n<p>En sus primeros a\u00f1os, El\u00edas pens\u00f3 que un d\u00eda ganar\u00eda un premio nacional por su cobertura de la matanza de chivos y la cabra pastore\u00f1a, all\u00e1 en la Mixteca, o por aquel reportaje sobre desplazados que le cost\u00f3 amenazas y tres mudanzas. Hoy, su meta es que no le tumben la cuenta de Facebook por \u201ccontenido sensible\u201d.<\/p>\n\n\n\n<p>Eso es el periodismo ahora, sobrevivir al pinche internet.<\/p>\n\n\n\n<p>Y seguir escribiendo, aunque ya nadie lea, sino deslice.<\/p>\n\n\n\n<p>Esa noche, mientras su esposa le\u00eda por en\u00e9sima ocasi\u00f3n una cr\u00f3nica sobre desapariciones en el Istmo, El\u00edas le cont\u00f3 la an\u00e9cdota del tuitero. Ella se rio, como se r\u00eden los que saben que el mundo est\u00e1 cambiando y no hay mucho que hacer salvo aguantar con dignidad.<\/p>\n\n\n\n<p>\u2014Dile que no hay tuitero \u2014le dijo\u2014. Dile que hay un hombre que a\u00fan cree en las palabras. Y que, si quiere, puede pagarle mejor\u2026 pero que no va a tener las historias. Tus historias. Esas que no escribe cualquier pendejo.<\/p>\n\n\n\n<p>Porque los nuevos tiempos de la comunicaci\u00f3n llegaron sin aviso y con muchas pantallas, pero a\u00fan hay quien escribe en la libretita, con las manos sucias de calle y no de teclado.<\/p>\n\n\n\n<p>Y mientras existan esos reporteros, aunque sean pocos, aunque no tengan tuitero, el periodismo seguir\u00e1 siendo m\u00e1s que un oficio, una forma de resistir.<\/p>\n\n\n\n<p>Y as\u00ed termina esta historia con moral de pron\u00f3stico reservado. Con los puntos sobre las \u00edes. No todo lo que brilla en las redes sociales es periodismo, y no todo lo que calla, muere.<\/p>\n\n\n\n<p>++++<\/p>\n\n\n\n<p>Redacci\u00f3n de Misael S\u00e1nchez Reportero de Agencia Oaxaca Mx<\/p>\n","protected":false},"excerpt":{"rendered":"<p>Misael S\u00e1nchez\/Agencia Oaxaca Mx. Oaxaca, Oax., a 21 de junio de 2025.- A bocajarro, sin&hellip;<\/p>\n","protected":false},"author":2,"featured_media":69010,"comment_status":"closed","ping_status":"open","sticky":false,"template":"","format":"standard","meta":{"_lmt_disableupdate":"","_lmt_disable":"","_jetpack_memberships_contains_paid_content":false,"footnotes":""},"categories":[109,47],"tags":[],"class_list":["post-81610","post","type-post","status-publish","format-standard","has-post-thumbnail","hentry","category-minuto-a-minuto","category-zona-gris"],"jetpack_featured_media_url":"https:\/\/zonaroja.com.mx\/wp-content\/uploads\/2024\/06\/Prensa-libertad-de-expresion.jpg","jetpack_sharing_enabled":true,"_links":{"self":[{"href":"https:\/\/zonaroja.com.mx\/index.php?rest_route=\/wp\/v2\/posts\/81610","targetHints":{"allow":["GET"]}}],"collection":[{"href":"https:\/\/zonaroja.com.mx\/index.php?rest_route=\/wp\/v2\/posts"}],"about":[{"href":"https:\/\/zonaroja.com.mx\/index.php?rest_route=\/wp\/v2\/types\/post"}],"author":[{"embeddable":true,"href":"https:\/\/zonaroja.com.mx\/index.php?rest_route=\/wp\/v2\/users\/2"}],"replies":[{"embeddable":true,"href":"https:\/\/zonaroja.com.mx\/index.php?rest_route=%2Fwp%2Fv2%2Fcomments&post=81610"}],"version-history":[{"count":1,"href":"https:\/\/zonaroja.com.mx\/index.php?rest_route=\/wp\/v2\/posts\/81610\/revisions"}],"predecessor-version":[{"id":81611,"href":"https:\/\/zonaroja.com.mx\/index.php?rest_route=\/wp\/v2\/posts\/81610\/revisions\/81611"}],"wp:featuredmedia":[{"embeddable":true,"href":"https:\/\/zonaroja.com.mx\/index.php?rest_route=\/wp\/v2\/media\/69010"}],"wp:attachment":[{"href":"https:\/\/zonaroja.com.mx\/index.php?rest_route=%2Fwp%2Fv2%2Fmedia&parent=81610"}],"wp:term":[{"taxonomy":"category","embeddable":true,"href":"https:\/\/zonaroja.com.mx\/index.php?rest_route=%2Fwp%2Fv2%2Fcategories&post=81610"},{"taxonomy":"post_tag","embeddable":true,"href":"https:\/\/zonaroja.com.mx\/index.php?rest_route=%2Fwp%2Fv2%2Ftags&post=81610"}],"curies":[{"name":"wp","href":"https:\/\/api.w.org\/{rel}","templated":true}]}}