{"id":81623,"date":"2025-06-22T11:08:00","date_gmt":"2025-06-22T17:08:00","guid":{"rendered":"https:\/\/zonaroja.com.mx\/?p=81623"},"modified":"2025-06-22T11:16:50","modified_gmt":"2025-06-22T17:16:50","slug":"comunidad-lgbt-enfrenta-discriminacion-violencia-y-hostigamiento","status":"publish","type":"post","link":"https:\/\/zonaroja.com.mx\/?p=81623","title":{"rendered":"Comunidad LGBT+ enfrenta discriminaci\u00f3n, violencia y hostigamiento"},"content":{"rendered":"\n<p>Lisbeth Mej\u00eda Reyes\/Zona Roja.<\/p>\n\n\n\n<p>Oaxaca, Oax., a 22 de junio de 2025.- Exclusi\u00f3n y hostigamiento laboral, falta de empleo a partir de la discriminaci\u00f3n por la orientaci\u00f3n sexual, adem\u00e1s de la violencia f\u00edsica y psicol\u00f3gica hasta asesinatos marcan el contexto que enfrenta la comunidad LGBT+ en el estado de Oaxaca, de acuerdo con el colectivo Agenda LGBT Concordia.<\/p>\n\n\n\n<p>En el marco de junio, mes de la diversidad sexual, as\u00ed como del D\u00eda Internacional del Orgullo LGBTI+ (28 de junio) y el D\u00eda Mundial de la Diversidad Sexual (25 de junio), el colectivo se\u00f1ala que aunque las artes son un \u00e1rea a trav\u00e9s de la cual se puede expresar la comunidad y mostrar c\u00f3mo vive, en la entidad a\u00fan hay retos que enfrentar.<\/p>\n\n\n\n<p>Adem\u00e1s de los ya citados, tambi\u00e9n est\u00e1 el problema de la gentrificaci\u00f3n que en lugares como Zipolite y el desplazamiento de los locales, que afecta a quienes se identifican como parte de la comunidad LGBT+ (Lesbiana, Gay, Bisexual y Transg\u00e9nero, as\u00ed como otras identidades de g\u00e9nero y orientaci\u00f3n sexual).<\/p>\n\n\n\n<p>En las instituciones acad\u00e9micas, en la ciudad de Oaxaca, est\u00e1n muy presentes el hostigamiento y la discriminaci\u00f3n hacia la comunidad LGBT+, se\u00f1ala Eduardo Lara, representante del colectivo que cada a\u00f1o, desde al menos los \u00faltimos cinco, organiza la marcha-caravana por el orgullo LGBT+.<\/p>\n\n\n\n<p>Los contextos son tambi\u00e9n distintos dependiendo del entorno. \u00abPor ejemplo, en comunidades de usos y costumbres es muy dif\u00edcil que se expresen libremente porque en algunos casos han sido violentados o asesinados. Hay una gran lucha todav\u00eda\u00bb, explica sobre casos en los que las agresiones no han parado.<\/p>\n\n\n\n<p>Entre estos, el arresto de Lizeth, una mujer trans del municipio de San Juan Colorado (regi\u00f3n Costa), a la que polic\u00edas municipales raparon y la obligaron a vestirse de \u00abhombre\u00bb.&nbsp;<\/p>\n\n\n\n<p>O el asesinato de Mayte L\u00f3pez, ex reina muxe de la tradicional vela de las Aut\u00e9nticas Intr\u00e9pidas Buscadoras de Peligro, cuyo cuerpo fue encontrado a principios de octubre de 2024 con signos de tortura.<\/p>\n\n\n\n<p>Tomando el ejemplo del congreso de la Ciudad de M\u00e9xico, que organiz\u00f3 el parlamento LGBT+, Lara tambi\u00e9n considera que es necesario un ejercicio similar en el congreso de Oaxaca. \u00abQue los diputados y diputadas pudieran invitarnos al pleno y expresar las realidades de c\u00f3mo vive la comunidad LGBT\u00bb.<\/p>\n\n\n\n<p>De acuerdo con la Encuesta Nacional sobre Diversidad Sexual y de G\u00e9nero (ENDISEG) 2021, en el pa\u00eds el 5.1 % de la poblaci\u00f3n de 15 a\u00f1os y m\u00e1s (5.0 millones, o una &nbsp;<\/p>\n\n\n\n<p>de cada 20 personas) se identifica con una orientaci\u00f3n sexual o identidad de g\u00e9nero LGBT+.<\/p>\n\n\n\n<p><\/p>\n","protected":false},"excerpt":{"rendered":"<p>Lisbeth Mej\u00eda Reyes\/Zona Roja. Oaxaca, Oax., a 22 de junio de 2025.- Exclusi\u00f3n y hostigamiento&hellip;<\/p>\n","protected":false},"author":2,"featured_media":81624,"comment_status":"closed","ping_status":"open","sticky":false,"template":"","format":"standard","meta":{"_lmt_disableupdate":"","_lmt_disable":"","_jetpack_memberships_contains_paid_content":false,"footnotes":""},"categories":[109,47],"tags":[],"class_list":["post-81623","post","type-post","status-publish","format-standard","has-post-thumbnail","hentry","category-minuto-a-minuto","category-zona-gris"],"jetpack_featured_media_url":"https:\/\/zonaroja.com.mx\/wp-content\/uploads\/2025\/06\/diversidad-sexual-comunidad-gay.jpg","jetpack_sharing_enabled":true,"_links":{"self":[{"href":"https:\/\/zonaroja.com.mx\/index.php?rest_route=\/wp\/v2\/posts\/81623","targetHints":{"allow":["GET"]}}],"collection":[{"href":"https:\/\/zonaroja.com.mx\/index.php?rest_route=\/wp\/v2\/posts"}],"about":[{"href":"https:\/\/zonaroja.com.mx\/index.php?rest_route=\/wp\/v2\/types\/post"}],"author":[{"embeddable":true,"href":"https:\/\/zonaroja.com.mx\/index.php?rest_route=\/wp\/v2\/users\/2"}],"replies":[{"embeddable":true,"href":"https:\/\/zonaroja.com.mx\/index.php?rest_route=%2Fwp%2Fv2%2Fcomments&post=81623"}],"version-history":[{"count":1,"href":"https:\/\/zonaroja.com.mx\/index.php?rest_route=\/wp\/v2\/posts\/81623\/revisions"}],"predecessor-version":[{"id":81625,"href":"https:\/\/zonaroja.com.mx\/index.php?rest_route=\/wp\/v2\/posts\/81623\/revisions\/81625"}],"wp:featuredmedia":[{"embeddable":true,"href":"https:\/\/zonaroja.com.mx\/index.php?rest_route=\/wp\/v2\/media\/81624"}],"wp:attachment":[{"href":"https:\/\/zonaroja.com.mx\/index.php?rest_route=%2Fwp%2Fv2%2Fmedia&parent=81623"}],"wp:term":[{"taxonomy":"category","embeddable":true,"href":"https:\/\/zonaroja.com.mx\/index.php?rest_route=%2Fwp%2Fv2%2Fcategories&post=81623"},{"taxonomy":"post_tag","embeddable":true,"href":"https:\/\/zonaroja.com.mx\/index.php?rest_route=%2Fwp%2Fv2%2Ftags&post=81623"}],"curies":[{"name":"wp","href":"https:\/\/api.w.org\/{rel}","templated":true}]}}