{"id":81629,"date":"2025-06-22T18:23:42","date_gmt":"2025-06-23T00:23:42","guid":{"rendered":"https:\/\/zonaroja.com.mx\/?p=81629"},"modified":"2025-06-22T18:23:44","modified_gmt":"2025-06-23T00:23:44","slug":"hijos-de-migrantes-oaxaquenos-protestan-en-contra-de-las-redadas-en-eu","status":"publish","type":"post","link":"https:\/\/zonaroja.com.mx\/?p=81629","title":{"rendered":"Hijos de migrantes oaxaque\u00f1os protestan en contra de las redadas en EU"},"content":{"rendered":"\n<p>Lisbeth Mej\u00eda Reyes\/Zona Roja.<\/p>\n\n\n\n<p>Oaxaca, Oax., a 22 de junio de 2025.- Como una especie de himno sobre el valor de las y los migrantes y con la exigencia de que se respeten sus derechos humanos, un grupo de estudiantes de ra\u00edces oaxaque\u00f1as compuso una canci\u00f3n en contra de las redadas que el gobierno de los Estados Unidos de Am\u00e9rica ha realizado en las \u00faltimas semanas a trav\u00e9s del Servicio de Inmigraci\u00f3n y Control de Aduanas (ICE, por sus siglas en ingl\u00e9s).<\/p>\n\n\n\n<p>\u00abNo nos van a borrar\u00bb es el tema con el que infantes y j\u00f3venes de la academia Maqueos Music protestan en contra de los operativos que han generado temor en sus familias y otras de origen o ra\u00edces mexicanas, pero que por diversas necesidades se han visto obligadas a emigrar a Estados Unidos.<\/p>\n\n\n\n<p>El tema es tambi\u00e9n uno de esperanza, como cont\u00f3 Yulissa Maqueos en una entrevista con la cadena de televisi\u00f3n Telemundo: \u00abun recordatorio tambi\u00e9n de lo que la gente migrante y nuestras familias son y lo que aportan a est naci\u00f3n\u00bb.<\/p>\n\n\n\n<p>Desde el pasado 6 de junio, el gobierno estadounidense intensific\u00f3 los operativos que a partir de entonces y hasta el 20 del mes han derivado en la detenci\u00f3n de 222 mexicanos seg\u00fan la presidenta Claudia Sheinbaum.<\/p>\n\n\n\n<p>En sus redes sociales, la agrupaci\u00f3n musical, conformada por hijos de migrantes oaxaque\u00f1os, ha compartido un video musical con el tema que compusieron junto a su maestro, Jhonny Miguel.<\/p>\n\n\n\n<p>\u00abEl tema &#8216;No nos van a borrar&#8217; nace desde la dignidad, desde el dolor, pero tambi\u00e9n desde el amor y la esperanza\u00bb, se\u00f1ala la academia sobre una canci\u00f3n en la que tambi\u00e9n se busca cambiar la imagen estereotipada sobre las y los migrantes.\u00a0<\/p>\n\n\n\n<p>\u00abNos han llamado ilegales y criminales para justificar la violencia. Para deshumanizarnos. Pero lo que aportamos va mucho m\u00e1s all\u00e1 del trabajo: contribuimos arte, cultura, y una fuerza que sostiene a comunidades enteras. Somos parte esencial de esta sociedad aunque algunos se nieguen a reconocerlo\u00bb, es parte del mensaje de la canci\u00f3n con la que apelan a la justicia y a una reforma migratoria.<\/p>\n\n\n\n<p>\u00abUn pa\u00eds que se dice construido por migrantes no puede seguir ignorando a quienes lo sostienen en silencio\u00bb, apunta el texto que acompa\u00f1a al video musical.<\/p>\n\n\n\n<p>Antes de este video, las y los integrantes de la academia han participado en otras manifestaciones pac\u00edficas para exigir un Alto a las deportaciones. <\/p>\n\n\n\n<p>Por ejemplo, en la convocada por la Coalici\u00f3n Derechos Plenos para los Inmigrantes y realizada a principios de marzo en Los \u00c1ngeles, California, en la que\u00a0 migrantes de diversos pa\u00edses exigieron al gobierno del presidente Donald Trump un alto a las redada y deportaciones y que en su lugar que impulse una reforma migratoria que garantice su acceso a la ciudadan\u00eda.<\/p>\n","protected":false},"excerpt":{"rendered":"<p>Lisbeth Mej\u00eda Reyes\/Zona Roja. Oaxaca, Oax., a 22 de junio de 2025.- Como una especie&hellip;<\/p>\n","protected":false},"author":2,"featured_media":81630,"comment_status":"closed","ping_status":"open","sticky":false,"template":"","format":"standard","meta":{"_lmt_disableupdate":"","_lmt_disable":"","_jetpack_memberships_contains_paid_content":false,"footnotes":""},"categories":[109,46],"tags":[4344],"class_list":["post-81629","post","type-post","status-publish","format-standard","has-post-thumbnail","hentry","category-minuto-a-minuto","category-zona-blanca","tag-academia-maqueos-music"],"jetpack_featured_media_url":"https:\/\/zonaroja.com.mx\/wp-content\/uploads\/2025\/06\/Maqueos-Musica-banda-.jpg","jetpack_sharing_enabled":true,"_links":{"self":[{"href":"https:\/\/zonaroja.com.mx\/index.php?rest_route=\/wp\/v2\/posts\/81629","targetHints":{"allow":["GET"]}}],"collection":[{"href":"https:\/\/zonaroja.com.mx\/index.php?rest_route=\/wp\/v2\/posts"}],"about":[{"href":"https:\/\/zonaroja.com.mx\/index.php?rest_route=\/wp\/v2\/types\/post"}],"author":[{"embeddable":true,"href":"https:\/\/zonaroja.com.mx\/index.php?rest_route=\/wp\/v2\/users\/2"}],"replies":[{"embeddable":true,"href":"https:\/\/zonaroja.com.mx\/index.php?rest_route=%2Fwp%2Fv2%2Fcomments&post=81629"}],"version-history":[{"count":1,"href":"https:\/\/zonaroja.com.mx\/index.php?rest_route=\/wp\/v2\/posts\/81629\/revisions"}],"predecessor-version":[{"id":81631,"href":"https:\/\/zonaroja.com.mx\/index.php?rest_route=\/wp\/v2\/posts\/81629\/revisions\/81631"}],"wp:featuredmedia":[{"embeddable":true,"href":"https:\/\/zonaroja.com.mx\/index.php?rest_route=\/wp\/v2\/media\/81630"}],"wp:attachment":[{"href":"https:\/\/zonaroja.com.mx\/index.php?rest_route=%2Fwp%2Fv2%2Fmedia&parent=81629"}],"wp:term":[{"taxonomy":"category","embeddable":true,"href":"https:\/\/zonaroja.com.mx\/index.php?rest_route=%2Fwp%2Fv2%2Fcategories&post=81629"},{"taxonomy":"post_tag","embeddable":true,"href":"https:\/\/zonaroja.com.mx\/index.php?rest_route=%2Fwp%2Fv2%2Ftags&post=81629"}],"curies":[{"name":"wp","href":"https:\/\/api.w.org\/{rel}","templated":true}]}}