{"id":81632,"date":"2025-06-22T19:59:36","date_gmt":"2025-06-23T01:59:36","guid":{"rendered":"https:\/\/zonaroja.com.mx\/?p=81632"},"modified":"2025-06-22T19:59:38","modified_gmt":"2025-06-23T01:59:38","slug":"regresan-las-ejecuciones-en-juchitan-de-zaragoza","status":"publish","type":"post","link":"https:\/\/zonaroja.com.mx\/?p=81632","title":{"rendered":"Regresan las ejecuciones en Juchit\u00e1n de Zaragoza"},"content":{"rendered":"\n<p>Ismael Garc\u00eda M.\/Zona Roja.<\/p>\n\n\n\n<p>Oaxaca, Oax., a 22 de junio de 2025.- A unos minutos de un acto pol\u00edtico del ex presidente municipal de Juchit\u00e1n de Zaragoza, Miguel S\u00e1nchez Altamirano, y el ex edil Emilio Motero P\u00e9rez, actual director del IEEPO, una persona fue ejecutada esta ma\u00f1ana en ese municipio.<\/p>\n\n\n\n<p>El crimen ocurren tambi\u00e9n a menos de 24 horas que se efectu\u00f3 un megaoperativo de fuerzas federales y estatales, as\u00ed como la Agencia Estatal de Investigaciones, con unos mil elementos, y en que habr\u00edan detenido a varios polic\u00edas municipales.<\/p>\n\n\n\n<p>Fue en una calle de la colonia San Vicente, inmediaciones de la Novena Secci\u00f3n, en que un grupo armado asesin\u00f3 a quien fue identificado como Cristian N., de oficio mototaxistas.<\/p>\n\n\n\n<p>Los familiares ingresaron de inmediato el cuerpo a un domicilio, lo que ha dificultado las labores del personal de la Vicefiscal\u00eda Regional del Istmo, dependiente de la Fiscal\u00eda General del Estado de Oaxaca.<\/p>\n\n\n\n<p>Poco despu\u00e9s, en el centro de Juchit\u00e1n, el edil y el ex edil Miguel S\u00e1nchez y Emilio Montero trataban de deslindarse de la detenci\u00f3n\/presentaci\u00f3n de al menos seis polic\u00edas municipales, por parte de fuerzas federales y estatales.<\/p>\n\n\n\n<p>En un acto pol\u00edtico, en que llevaron a colonos de sus organizaciones sociales, intentaron deslindarse de los se\u00f1alamientos en su contra, por la presunta protecci\u00f3n al grupos delictivos, y aseguraron que \u201c\u00a1Juchit\u00e1n no se rinde!\u201d.<\/p>\n\n\n\n<p>La v\u00edspera, el ayuntamiento de Juchit\u00e1n emiti\u00f3 un comunicado en que defendi\u00f3 a sus polic\u00edas, tras la intervenci\u00f3n de fuerzas de seguridad estatal y federal, as\u00ed como la Fiscal\u00eda General.<\/p>\n\n\n\n<p>HAY ATENCI\u00d3N&nbsp;<\/p>\n\n\n\n<p>Por su parte, el Gobierno del Estado emiti\u00f3 hoy un comunicado en que reiter\u00f3 que atienda y escuche a la ciudadan\u00eda, y al igual que en todas las regiones de la entidad, \u201cen el Istmo de Tehuantepec se trabaja para construir un entorno pac\u00edfico y seguro para las familias.<\/p>\n\n\n\n<p>\u201cPor lo que, el gobierno de Oaxaca en coordinaci\u00f3n con autoridades de la Federaci\u00f3n trabaja para garantizar la gobernabilidad y seguridad en la zona, como ha sido la instrucci\u00f3n del gobernador Salom\u00f3n Jara Cruz.<\/p>\n\n\n\n<p>\u201cAcciones como la que se realiz\u00f3 el d\u00eda s\u00e1bado 21 de junio en la Heroica Ciudad de Juchit\u00e1n de Zaragoza, en la que se intervino el C2 para la revisi\u00f3n de su personal, equipo y tecnolog\u00eda, coadyuv\u00f3 para que se integren autoridades estatales y federales en las labores de seguridad en equipo con la autoridad municipal y constituye parte de un programa integral del Gobierno del Estado.<\/p>\n","protected":false},"excerpt":{"rendered":"<p>Ismael Garc\u00eda M.\/Zona Roja. Oaxaca, Oax., a 22 de junio de 2025.- A unos minutos&hellip;<\/p>\n","protected":false},"author":2,"featured_media":81633,"comment_status":"closed","ping_status":"open","sticky":false,"template":"","format":"standard","meta":{"_lmt_disableupdate":"","_lmt_disable":"","_jetpack_memberships_contains_paid_content":false,"footnotes":""},"categories":[109,51],"tags":[297],"class_list":["post-81632","post","type-post","status-publish","format-standard","has-post-thumbnail","hentry","category-minuto-a-minuto","category-zona-roja","tag-ejecutado-juchitan"],"jetpack_featured_media_url":"https:\/\/zonaroja.com.mx\/wp-content\/uploads\/2025\/06\/Ejecutado-en-Juchitan-Oaxaca-domingo.jpg","jetpack_sharing_enabled":true,"_links":{"self":[{"href":"https:\/\/zonaroja.com.mx\/index.php?rest_route=\/wp\/v2\/posts\/81632","targetHints":{"allow":["GET"]}}],"collection":[{"href":"https:\/\/zonaroja.com.mx\/index.php?rest_route=\/wp\/v2\/posts"}],"about":[{"href":"https:\/\/zonaroja.com.mx\/index.php?rest_route=\/wp\/v2\/types\/post"}],"author":[{"embeddable":true,"href":"https:\/\/zonaroja.com.mx\/index.php?rest_route=\/wp\/v2\/users\/2"}],"replies":[{"embeddable":true,"href":"https:\/\/zonaroja.com.mx\/index.php?rest_route=%2Fwp%2Fv2%2Fcomments&post=81632"}],"version-history":[{"count":1,"href":"https:\/\/zonaroja.com.mx\/index.php?rest_route=\/wp\/v2\/posts\/81632\/revisions"}],"predecessor-version":[{"id":81634,"href":"https:\/\/zonaroja.com.mx\/index.php?rest_route=\/wp\/v2\/posts\/81632\/revisions\/81634"}],"wp:featuredmedia":[{"embeddable":true,"href":"https:\/\/zonaroja.com.mx\/index.php?rest_route=\/wp\/v2\/media\/81633"}],"wp:attachment":[{"href":"https:\/\/zonaroja.com.mx\/index.php?rest_route=%2Fwp%2Fv2%2Fmedia&parent=81632"}],"wp:term":[{"taxonomy":"category","embeddable":true,"href":"https:\/\/zonaroja.com.mx\/index.php?rest_route=%2Fwp%2Fv2%2Fcategories&post=81632"},{"taxonomy":"post_tag","embeddable":true,"href":"https:\/\/zonaroja.com.mx\/index.php?rest_route=%2Fwp%2Fv2%2Ftags&post=81632"}],"curies":[{"name":"wp","href":"https:\/\/api.w.org\/{rel}","templated":true}]}}