{"id":81640,"date":"2025-06-23T08:15:00","date_gmt":"2025-06-23T14:15:00","guid":{"rendered":"https:\/\/zonaroja.com.mx\/?p=81640"},"modified":"2025-06-23T07:38:50","modified_gmt":"2025-06-23T13:38:50","slug":"la-periodista-soledad-jarquin-presentara-su-libro-revelaciones-de-un-crimen-de-estado","status":"publish","type":"post","link":"https:\/\/zonaroja.com.mx\/?p=81640","title":{"rendered":"La periodista Soledad Jarqu\u00edn presentar\u00e1 su libro \u00abRevelaciones de un cr\u00edmen de Estado\u00bb"},"content":{"rendered":"\n<p>Lisbeth Mej\u00eda Reyes\/Zona Roja.<\/p>\n\n\n\n<p>Oaxaca, Oax., a 23 de junio de 2025.- La periodista oaxaque\u00f1a y defensora de derechos humanos Soledad Jarqu\u00edn Edgar presentar\u00e1 el pr\u00f3ximo 25 de junio su libro \u00abRevelaciones de un crimen de Estado\u00bb, en el que aborda el feminicidio de su hija Mar\u00eda del Sol Cruz Jarqu\u00edn, ocurrido el 2 de junio de 2018 en Juchit\u00e1n de Zaragoza.<\/p>\n\n\n\n<p>El acto ser\u00e1 a las 18:00 horas en la biblioteca \u201cAndr\u00e9s Henestrosa\u201d, en el centro de la ciudad de Oaxaca y en colaboraci\u00f3n con la organizaci\u00f3n Consorcio Oaxaca.&nbsp;<\/p>\n\n\n\n<p>La publicaci\u00f3n del libro ya hab\u00eda sido anunciada por la autora el pasado 2 de junio, cuando se conmemor\u00f3 el s\u00e9ptimo aniversario del feminicidio de Mar\u00eda del Sol.&nbsp;<\/p>\n\n\n\n<p>La joven, como ha se\u00f1alado en m\u00faltiples ocasiones su madre, hab\u00eda sido enviada por su entonces jefe y secretario de Asuntos Ind\u00edgenas del gobierno estatal, Francisco Montero, a cubrir la campa\u00f1a pol\u00edtica del hermano de este, Hageo Montero, en Juchit\u00e1n de Zaragoza.&nbsp;<\/p>\n\n\n\n<p>Junto a Mar\u00eda del Sol tambi\u00e9n fueron asesinados esa noche la ex candidata a concejal municipal Pamela Ter\u00e1n Pineda y el chofer de esta, Adelfo Jim\u00e9nez Guerra.<\/p>\n\n\n\n<p>Hasta ahora, el crimen de Mar\u00eda del Sol permanece en la impunidad, a pesar de que la periodista ha acudido a las instancias estatales y federales.&nbsp;<\/p>\n\n\n\n<p>Ahora espera la resoluci\u00f3n del Comit\u00e9 para la Eliminaci\u00f3n de la Discriminaci\u00f3n contra la Mujer (CEDAW), instancia internacional en la que present\u00f3 la denuncia en 2022.<\/p>\n\n\n\n<p>\u00abUstedes lo saben, hemos tocado todas las puertas en lo local, nacional e internacional, la impunidad no ser\u00e1 mi silencio, aqu\u00ed sigo esperando la resoluci\u00f3n del caso por parte del Comit\u00e9 para la Eliminaci\u00f3n de la Discriminaci\u00f3n contra la Mujer\u00bb, expres\u00f3 la periodista el pasado 2 de junio , cuando junto a su familia, activistas y la organizaci\u00f3n Consorcio rindi\u00f3 un homenaje a Mar\u00eda del Sol.<\/p>\n","protected":false},"excerpt":{"rendered":"<p>Lisbeth Mej\u00eda Reyes\/Zona Roja. Oaxaca, Oax., a 23 de junio de 2025.- La periodista oaxaque\u00f1a&hellip;<\/p>\n","protected":false},"author":2,"featured_media":81641,"comment_status":"closed","ping_status":"open","sticky":false,"template":"","format":"standard","meta":{"_lmt_disableupdate":"","_lmt_disable":"","_jetpack_memberships_contains_paid_content":false,"footnotes":""},"categories":[109,46],"tags":[1105],"class_list":["post-81640","post","type-post","status-publish","format-standard","has-post-thumbnail","hentry","category-minuto-a-minuto","category-zona-blanca","tag-soledad-jarquin-edgar"],"jetpack_featured_media_url":"https:\/\/zonaroja.com.mx\/wp-content\/uploads\/2025\/06\/Libro-Soledad-Jarquin.jpg","jetpack_sharing_enabled":true,"_links":{"self":[{"href":"https:\/\/zonaroja.com.mx\/index.php?rest_route=\/wp\/v2\/posts\/81640","targetHints":{"allow":["GET"]}}],"collection":[{"href":"https:\/\/zonaroja.com.mx\/index.php?rest_route=\/wp\/v2\/posts"}],"about":[{"href":"https:\/\/zonaroja.com.mx\/index.php?rest_route=\/wp\/v2\/types\/post"}],"author":[{"embeddable":true,"href":"https:\/\/zonaroja.com.mx\/index.php?rest_route=\/wp\/v2\/users\/2"}],"replies":[{"embeddable":true,"href":"https:\/\/zonaroja.com.mx\/index.php?rest_route=%2Fwp%2Fv2%2Fcomments&post=81640"}],"version-history":[{"count":1,"href":"https:\/\/zonaroja.com.mx\/index.php?rest_route=\/wp\/v2\/posts\/81640\/revisions"}],"predecessor-version":[{"id":81642,"href":"https:\/\/zonaroja.com.mx\/index.php?rest_route=\/wp\/v2\/posts\/81640\/revisions\/81642"}],"wp:featuredmedia":[{"embeddable":true,"href":"https:\/\/zonaroja.com.mx\/index.php?rest_route=\/wp\/v2\/media\/81641"}],"wp:attachment":[{"href":"https:\/\/zonaroja.com.mx\/index.php?rest_route=%2Fwp%2Fv2%2Fmedia&parent=81640"}],"wp:term":[{"taxonomy":"category","embeddable":true,"href":"https:\/\/zonaroja.com.mx\/index.php?rest_route=%2Fwp%2Fv2%2Fcategories&post=81640"},{"taxonomy":"post_tag","embeddable":true,"href":"https:\/\/zonaroja.com.mx\/index.php?rest_route=%2Fwp%2Fv2%2Ftags&post=81640"}],"curies":[{"name":"wp","href":"https:\/\/api.w.org\/{rel}","templated":true}]}}