{"id":81646,"date":"2025-06-23T11:30:00","date_gmt":"2025-06-23T17:30:00","guid":{"rendered":"https:\/\/zonaroja.com.mx\/?p=81646"},"modified":"2025-06-23T08:33:36","modified_gmt":"2025-06-23T14:33:36","slug":"anuncia-primer-festival-de-las-culturas-vivas-en-oaxaca-capital","status":"publish","type":"post","link":"https:\/\/zonaroja.com.mx\/?p=81646","title":{"rendered":"Anuncia Primer Festival de las Culturas Vivas, en Oaxaca capital"},"content":{"rendered":"\n<p>Redacci\u00f3n\/Zona Roja.<\/p>\n\n\n\n<p>Oaxaca, Oax., a 23 de junio de 2025.\u2013 El ayuntamiento de Oaxaca de Ju\u00e1rez, a trav\u00e9s de la Secretar\u00eda de Cultura, Educaci\u00f3n y Fomento a la Cultura, anuncia la realizaci\u00f3n del Primer Festival de las Culturas Vivas, que se llevar\u00e1 a cabo del 27 al 30 de junio con una amplia oferta de actividades art\u00edsticas, culturales y comunitarias en distintas sedes de la capital.<\/p>\n\n\n\n<p>El festival organizado de manera coordinada con la Secretar\u00eda de Cultura del Gobierno del Estado tiene como objetivo reconocer, visibilizar y fortalecer las expresiones vivas del arte, la tradici\u00f3n y la identidad que habitan en las comunidades de Oaxaca de Ju\u00e1rez.<\/p>\n\n\n\n<p>Entre las actividades destacadas del programa se encuentran:<\/p>\n\n\n\n<p>\u2022 Inicio de ruta de Chinas Oaxaque\u00f1as | 27 de junio, 17:00 hrs. | San Mart\u00edn Mexic\u00e1pam<\/p>\n\n\n\n<p>\u2022 Inauguraci\u00f3n de la ruta de murales y del festival | 27 de junio, 17:30 hrs. | San Mart\u00edn Mexic\u00e1pam<\/p>\n\n\n\n<p>\u2022 Presentaci\u00f3n de Oaxacanto Ensamble | 27 de junio, 18:00 hrs. | San Mart\u00edn Mexic\u00e1pam<\/p>\n\n\n\n<p>\u2022 Grupo Oaxaque\u00f1o \u201cSur en la piel\u201d | 27 de junio, 19:30 hrs. | San Mart\u00edn Mexic\u00e1pam<\/p>\n\n\n\n<p>\u2022 Tamayo M\u00f3vil + Talleres creativos y art\u00edsticos | 28 de junio, 12:00 hrs.&nbsp;<\/p>\n\n\n\n<p>El Festival de las Culturas Vivas busca ser un espacio para el encuentro, la participaci\u00f3n ciudadana y el fortalecimiento del tejido social, a trav\u00e9s del arte y la cultura.<\/p>\n\n\n\n<p>El ayuntamiento de Oaxaca de Ju\u00e1rez invita a vecinas y vecinos a ser parte de esta gran celebraci\u00f3n que pone en valor la diversidad, el talento local y la creatividad de sus comunidades.<\/p>\n\n\n\n<p>El resto de las actividades puede consultarse en las redes sociales oficiales.<\/p>\n","protected":false},"excerpt":{"rendered":"<p>Redacci\u00f3n\/Zona Roja. Oaxaca, Oax., a 23 de junio de 2025.\u2013 El ayuntamiento de Oaxaca de&hellip;<\/p>\n","protected":false},"author":2,"featured_media":81647,"comment_status":"closed","ping_status":"open","sticky":false,"template":"","format":"standard","meta":{"_lmt_disableupdate":"","_lmt_disable":"","_jetpack_memberships_contains_paid_content":false,"footnotes":""},"categories":[109,46],"tags":[148],"class_list":["post-81646","post","type-post","status-publish","format-standard","has-post-thumbnail","hentry","category-minuto-a-minuto","category-zona-blanca","tag-oaxaca-de-juarez"],"jetpack_featured_media_url":"https:\/\/zonaroja.com.mx\/wp-content\/uploads\/2025\/06\/Festival-de-culturas-vivas-Oaxaca.jpg","jetpack_sharing_enabled":true,"_links":{"self":[{"href":"https:\/\/zonaroja.com.mx\/index.php?rest_route=\/wp\/v2\/posts\/81646","targetHints":{"allow":["GET"]}}],"collection":[{"href":"https:\/\/zonaroja.com.mx\/index.php?rest_route=\/wp\/v2\/posts"}],"about":[{"href":"https:\/\/zonaroja.com.mx\/index.php?rest_route=\/wp\/v2\/types\/post"}],"author":[{"embeddable":true,"href":"https:\/\/zonaroja.com.mx\/index.php?rest_route=\/wp\/v2\/users\/2"}],"replies":[{"embeddable":true,"href":"https:\/\/zonaroja.com.mx\/index.php?rest_route=%2Fwp%2Fv2%2Fcomments&post=81646"}],"version-history":[{"count":1,"href":"https:\/\/zonaroja.com.mx\/index.php?rest_route=\/wp\/v2\/posts\/81646\/revisions"}],"predecessor-version":[{"id":81648,"href":"https:\/\/zonaroja.com.mx\/index.php?rest_route=\/wp\/v2\/posts\/81646\/revisions\/81648"}],"wp:featuredmedia":[{"embeddable":true,"href":"https:\/\/zonaroja.com.mx\/index.php?rest_route=\/wp\/v2\/media\/81647"}],"wp:attachment":[{"href":"https:\/\/zonaroja.com.mx\/index.php?rest_route=%2Fwp%2Fv2%2Fmedia&parent=81646"}],"wp:term":[{"taxonomy":"category","embeddable":true,"href":"https:\/\/zonaroja.com.mx\/index.php?rest_route=%2Fwp%2Fv2%2Fcategories&post=81646"},{"taxonomy":"post_tag","embeddable":true,"href":"https:\/\/zonaroja.com.mx\/index.php?rest_route=%2Fwp%2Fv2%2Ftags&post=81646"}],"curies":[{"name":"wp","href":"https:\/\/api.w.org\/{rel}","templated":true}]}}